{"id":8806,"date":"2021-05-18T15:05:05","date_gmt":"2021-05-18T23:05:05","guid":{"rendered":"http:\/\/www.entremundos.org\/revista\/?p=8806"},"modified":"2021-07-01T15:30:32","modified_gmt":"2021-07-01T23:30:32","slug":"dime-que-comes-y-te-dire-quien-eres","status":"publish","type":"post","link":"https:\/\/www.entremundos.org\/revista\/salud\/dime-que-comes-y-te-dire-quien-eres\/","title":{"rendered":"Dime qu\u00e9 comes y te dir\u00e9 qui\u00e9n eres"},"content":{"rendered":"<p><b>Por: IMAP<\/b><\/p>\n<p><span style=\"font-weight: 400;\">Cuando los europeos invadieron tierras Mesoamericanas y destinaron sus riquezas naturales a la sobreexplotaci\u00f3n de los recursos, introdujeron el monocultivo, omitiendo los conocimientos agr\u00edcolas ancestrales de la diversificaci\u00f3n de alimentos que aseguraban la soberan\u00eda alimentaria de los pueblos. Al inducir a los agricultores a los monocultivos, generaron escasez de alimentos y p\u00e9rdida de semillas nativas importantes, entre ellas, el Amaranto (Amaranthus Cruentus).\u00a0 A causa de la imposici\u00f3n de pensamientos europeos, la vida de muchas personas fue cambiando, y a ra\u00edz de esto hoy, muchos campesinos Ind\u00edgenas no cuentan con suficientes recursos econ\u00f3micos para adaptarse al sistema colonial impuesto sobre ellos.\u00a0\u00a0<\/span><\/p>\n<p><span style=\"font-weight: 400;\"><a href=\"https:\/\/i0.wp.com\/www.entremundos.org\/revista\/wp-content\/uploads\/2021\/05\/dsc0106.jpg\"><img data-recalc-dims=\"1\" loading=\"lazy\" decoding=\"async\" class=\" wp-image-8811 alignleft\" src=\"https:\/\/i0.wp.com\/www.entremundos.org\/revista\/wp-content\/uploads\/2021\/05\/dsc0106-300x199.jpg?resize=323%2C214\" alt=\"\" width=\"323\" height=\"214\" srcset=\"https:\/\/i0.wp.com\/www.entremundos.org\/revista\/wp-content\/uploads\/2021\/05\/dsc0106.jpg?resize=300%2C199&amp;ssl=1 300w, https:\/\/i0.wp.com\/www.entremundos.org\/revista\/wp-content\/uploads\/2021\/05\/dsc0106.jpg?resize=1024%2C681&amp;ssl=1 1024w, https:\/\/i0.wp.com\/www.entremundos.org\/revista\/wp-content\/uploads\/2021\/05\/dsc0106.jpg?resize=768%2C511&amp;ssl=1 768w, https:\/\/i0.wp.com\/www.entremundos.org\/revista\/wp-content\/uploads\/2021\/05\/dsc0106.jpg?resize=1536%2C1021&amp;ssl=1 1536w, https:\/\/i0.wp.com\/www.entremundos.org\/revista\/wp-content\/uploads\/2021\/05\/dsc0106.jpg?resize=2048%2C1362&amp;ssl=1 2048w, https:\/\/i0.wp.com\/www.entremundos.org\/revista\/wp-content\/uploads\/2021\/05\/dsc0106.jpg?resize=335%2C223&amp;ssl=1 335w, https:\/\/i0.wp.com\/www.entremundos.org\/revista\/wp-content\/uploads\/2021\/05\/dsc0106.jpg?resize=1050%2C698&amp;ssl=1 1050w, https:\/\/i0.wp.com\/www.entremundos.org\/revista\/wp-content\/uploads\/2021\/05\/dsc0106.jpg?w=1280&amp;ssl=1 1280w, https:\/\/i0.wp.com\/www.entremundos.org\/revista\/wp-content\/uploads\/2021\/05\/dsc0106.jpg?w=1920&amp;ssl=1 1920w\" sizes=\"auto, (max-width: 323px) 100vw, 323px\" \/><\/a>El panorama que nos han pintado con la alimentaci\u00f3n convencional a lo largo de los a\u00f1os, ha generado pensamientos negativos para la subsistencia.\u00a0 Muchos piensan: \u201csi no contamos con dinero no se come\u201d, o \u201csi no tenemos cosecha este a\u00f1o, no tendremos ingresos econ\u00f3micos y no podremos comer\u201d. Al final, estos son pensamientos limitantes basados en realidades que nos han creado desde la invasi\u00f3n.<\/span><\/p>\n<p><span style=\"font-weight: 400;\">Hoy en d\u00eda estas realidades han marcado el contexto de las personas que cultivan las tierras, y de toda la humanidad. El inter\u00e9s de las entidades gubernamentales en cuanto a la alimentaci\u00f3n, es producir dinero y facilitar el libre comercio para pa\u00edses del norte global, sin tener mayor preocupaci\u00f3n sobre la salud de sus habitantes. No les importa si el pueblo est\u00e1 pasando hambre por falta de tierras para producir sus alimentos, o las enfermedades que est\u00e1n surgiendo por los alimentos que provienen de semillas de compa\u00f1\u00edas como Monsanto est\u00e1n generando y que est\u00e1n destruyendo la vida muchas personas.\u00a0<\/span><\/p>\n<p><span style=\"font-weight: 400;\">Luego de la pandemia del COVID-19, los \u00edndices de enfermedades cr\u00f3nicas incurables y de desnutrici\u00f3n en la poblaci\u00f3n guatemalteca se han incrementado. Por si esto fuera poco, el Instituto Nacional de Estad\u00edstica de Guatemala confirm\u00f3 un aumento r\u00e1pido en el precio de la canasta b\u00e1sica en el \u00faltimo a\u00f1o: en marzo de 2020 el costo era de Q3,570 y un mes despu\u00e9s, en abril, se elev\u00f3 a Q3,615. Para noviembre de 2020, el costo era de Q3,599. Esto ha afectado mayoritariamente por supuesto a las poblaciones vulnerables del pa\u00eds: personas del \u00e1rea rural y mayoritariamente Ind\u00edgenas que vive en condiciones de pobreza o pobreza extrema para quienes cada quetzal, cuenta mucho.<\/span><\/p>\n<p><a href=\"https:\/\/i0.wp.com\/www.entremundos.org\/revista\/wp-content\/uploads\/2021\/05\/dsc0055-scaled.jpg\"><img data-recalc-dims=\"1\" loading=\"lazy\" decoding=\"async\" class=\"alignright wp-image-8809\" src=\"https:\/\/i0.wp.com\/www.entremundos.org\/revista\/wp-content\/uploads\/2021\/05\/dsc0055-199x300.jpg?resize=241%2C363\" alt=\"\" width=\"241\" height=\"363\" srcset=\"https:\/\/i0.wp.com\/www.entremundos.org\/revista\/wp-content\/uploads\/2021\/05\/dsc0055-scaled.jpg?resize=199%2C300&amp;ssl=1 199w, https:\/\/i0.wp.com\/www.entremundos.org\/revista\/wp-content\/uploads\/2021\/05\/dsc0055-scaled.jpg?resize=681%2C1024&amp;ssl=1 681w, https:\/\/i0.wp.com\/www.entremundos.org\/revista\/wp-content\/uploads\/2021\/05\/dsc0055-scaled.jpg?resize=768%2C1155&amp;ssl=1 768w, https:\/\/i0.wp.com\/www.entremundos.org\/revista\/wp-content\/uploads\/2021\/05\/dsc0055-scaled.jpg?resize=1021%2C1536&amp;ssl=1 1021w, https:\/\/i0.wp.com\/www.entremundos.org\/revista\/wp-content\/uploads\/2021\/05\/dsc0055-scaled.jpg?resize=1362%2C2048&amp;ssl=1 1362w, https:\/\/i0.wp.com\/www.entremundos.org\/revista\/wp-content\/uploads\/2021\/05\/dsc0055-scaled.jpg?resize=335%2C504&amp;ssl=1 335w, https:\/\/i0.wp.com\/www.entremundos.org\/revista\/wp-content\/uploads\/2021\/05\/dsc0055-scaled.jpg?resize=1050%2C1579&amp;ssl=1 1050w, https:\/\/i0.wp.com\/www.entremundos.org\/revista\/wp-content\/uploads\/2021\/05\/dsc0055-scaled.jpg?w=1702&amp;ssl=1 1702w, https:\/\/i0.wp.com\/www.entremundos.org\/revista\/wp-content\/uploads\/2021\/05\/dsc0055-scaled.jpg?w=1280&amp;ssl=1 1280w\" sizes=\"auto, (max-width: 241px) 100vw, 241px\" \/><\/a><\/p>\n<p><span style=\"font-weight: 400;\">Frente a este contexto, el Instituto Mesoamericano de Permacultura IMAP, est\u00e1 compartiendo conocimientos ancestrales permaculturales basados en la producci\u00f3n de alimentos nativos. Uno de estos alimentos, <\/span><b>es el amaranto,<\/b><span style=\"font-weight: 400;\"> que seg\u00fan estudios realizados por IMAP en el 2017 con una nutri\u00f3loga experta, \u00e9ste contiene cualidades nutritivas. Tanto las semillas como las hojas del amaranto son fuente de prote\u00edna, calcio y vitamina c, la semilla tiene un buen componente de amino\u00e1cidos (valor de 75 en escala de 0 a 75) y la hoja contiene 33% de prote\u00edna en materia seca y digestibilidad mayor de 80% comparable con la carne de res y huevo, con gran parte requerido por el cuerpo.\u00a0<\/span><\/p>\n<p><span style=\"font-weight: 400;\">Provee el 70% de energ\u00eda de la dieta requerida y seg\u00fan la FAO una combinaci\u00f3n de arroz y amaranto, en porci\u00f3n de 1:1 alcanzan las especificaciones de prote\u00ednas recomendadas. No solo la semilla es altamente nutritiva, tambi\u00e9n las hojas pueden comerse como verduras desde que son tiernas, ya que contiene m\u00e1s hierro que la espinaca, por lo cual, se recomienda a personas que tienen cierto grado de anemia.\u00a0 Las hojas de amaranto contienen tambi\u00e9n \u00e1cido f\u00f3lico, indispensable para los beb\u00e9s y madres durante el embarazo y el periodo de lactancia.\u00a0<\/span><\/p>\n<p><span style=\"font-weight: 400;\">Considerando a la cocina como un arte, podemos usar la imaginaci\u00f3n para producir y consumir diversidad de alimentos derivados del amaranto. Las semillas, pueden comerse como arroz; tambi\u00e9n se puede comer amaranto reventado como cereal, y de forma molida, puede consumirse la harina para preparar platillos. Adem\u00e1s, tostado y molido puede beberse como atol. Desde el IMAP, hemos capacitado a 10,000 productores y productoras en temas de Permacultura, abordando la producci\u00f3n de alimentos y la pr\u00e1ctica de h\u00e1bitos saludables; por ello nos hemos enfocado en el amaranto como un alimento altamente nutritivo que puede contribuir a disminuir la desnutrici\u00f3n cr\u00f3nica en el pa\u00eds. Estamos seguros que, si empoderamos a las comunidades locales con conocimientos ancestrales, es posible mejorar muchos de los problemas nutricionales -y de otros tipos- que nos est\u00e1n afectando.<\/span><\/p>\n","protected":false},"excerpt":{"rendered":"<p>Por: IMAP Cuando los europeos invadieron tierras Mesoamericanas y destinaron sus riquezas naturales a la sobreexplotaci\u00f3n de los recursos, introdujeron el monocultivo, omitiendo los conocimientos agr\u00edcolas ancestrales de la diversificaci\u00f3n de alimentos que aseguraban la soberan\u00eda alimentaria de los pueblos. Al inducir a los agricultores a los monocultivos, generaron escasez de alimentos y p\u00e9rdida de [&hellip;]<\/p>\n","protected":false},"author":13,"featured_media":8807,"comment_status":"closed","ping_status":"closed","sticky":false,"template":"","format":"standard","meta":{"_exactmetrics_skip_tracking":false,"_exactmetrics_sitenote_active":false,"_exactmetrics_sitenote_note":"","_exactmetrics_sitenote_category":0,"jetpack_post_was_ever_published":false,"_jetpack_newsletter_access":"","_jetpack_dont_email_post_to_subs":false,"_jetpack_newsletter_tier_id":0,"_jetpack_memberships_contains_paywalled_content":false,"_jetpack_memberships_contains_paid_content":false,"footnotes":""},"categories":[452,382,405],"tags":[3056,3054,3058,3055,3059,3057],"class_list":["post-8806","post","type-post","status-publish","format-standard","has-post-thumbnail","hentry","category-frontpage","category-salud","category-seguridad-alimentaria","tag-cualidades-nutritivas-del-amaranto","tag-dime-que-comes-y-te-dire-quien-eres","tag-hoja-de-amaranto","tag-imap-y-el-amaranto","tag-nutrientes-del-amaranto","tag-semillas-del-amaranto"],"jetpack_featured_media_url":"https:\/\/i0.wp.com\/www.entremundos.org\/revista\/wp-content\/uploads\/2021\/05\/dsc0011-scaled.jpg?fit=2560%2C1702&ssl=1","jetpack_shortlink":"https:\/\/wp.me\/p7ljt7-2i2","jetpack-related-posts":[{"id":11083,"url":"https:\/\/www.entremundos.org\/revista\/medio-ambiente\/sin-abejas-no-hay-vida\/","url_meta":{"origin":8806,"position":0},"title":"Sin abejas no hay vida","author":"EntreMundos","date":"20 julio, 2023","format":false,"excerpt":"Ma\u00edz de Vida\u00a0 \u00bfSab\u00edas que a nivel global existen m\u00e1s de 20 mil especies de abejas? Su vida es fundamental para los ecosistemas y la producci\u00f3n de alimentos. Sab\u00edas que una abeja vive menos de 40 d\u00edas, visita al menos 1000 flores y produce menos de una cucharadita de miel,\u2026","rel":"","context":"En \u00abAccion Comunitaria\u00bb","block_context":{"text":"Accion Comunitaria","link":"https:\/\/www.entremundos.org\/revista\/category\/politica\/accion-comunitaria-3\/"},"img":{"alt_text":"","src":"https:\/\/i0.wp.com\/www.entremundos.org\/revista\/wp-content\/uploads\/2023\/07\/a6d4e38f-ec55-4772-bcd2-36fc346e048c-1.jpg?fit=901%2C1200&ssl=1&resize=350%2C200","width":350,"height":200,"srcset":"https:\/\/i0.wp.com\/www.entremundos.org\/revista\/wp-content\/uploads\/2023\/07\/a6d4e38f-ec55-4772-bcd2-36fc346e048c-1.jpg?fit=901%2C1200&ssl=1&resize=350%2C200 1x, https:\/\/i0.wp.com\/www.entremundos.org\/revista\/wp-content\/uploads\/2023\/07\/a6d4e38f-ec55-4772-bcd2-36fc346e048c-1.jpg?fit=901%2C1200&ssl=1&resize=525%2C300 1.5x, https:\/\/i0.wp.com\/www.entremundos.org\/revista\/wp-content\/uploads\/2023\/07\/a6d4e38f-ec55-4772-bcd2-36fc346e048c-1.jpg?fit=901%2C1200&ssl=1&resize=700%2C400 2x"},"classes":[]},{"id":704,"url":"https:\/\/www.entremundos.org\/revista\/uncategorized-es\/resumen-de-la-edicion-cambio-climatico\/","url_meta":{"origin":8806,"position":1},"title":"Cambio Clim\u00e1tico &#8211; Resumen de la Edici\u00f3n","author":"EntreMundos","date":"8 mayo, 2015","format":false,"excerpt":"En estas p\u00e1ginas, varios expertos explican como el cambio clim\u00e1tico est\u00e1 afectando a Guatemala y que es lo que el futuro depara. El a\u00f1o pasado durante la temporada de lluvia hubo 45 d\u00edas de sequ\u00eda, lo que caus\u00f3 una crisis humanitaria.\u00a0 Como siempre los m\u00e1s afectados por el desastre medioambiental\u2026","rel":"","context":"En \u00abUncategorized\u00bb","block_context":{"text":"Uncategorized","link":"https:\/\/www.entremundos.org\/revista\/category\/uncategorized-es\/"},"img":{"alt_text":"","src":"https:\/\/i0.wp.com\/www.entremundos.org\/revista\/wp-content\/uploads\/2015\/05\/nota-editor-the-behive-collective-poster-500-years.jpg?fit=600%2C398&ssl=1&resize=350%2C200","width":350,"height":200,"srcset":"https:\/\/i0.wp.com\/www.entremundos.org\/revista\/wp-content\/uploads\/2015\/05\/nota-editor-the-behive-collective-poster-500-years.jpg?fit=600%2C398&ssl=1&resize=350%2C200 1x, https:\/\/i0.wp.com\/www.entremundos.org\/revista\/wp-content\/uploads\/2015\/05\/nota-editor-the-behive-collective-poster-500-years.jpg?fit=600%2C398&ssl=1&resize=525%2C300 1.5x"},"classes":[]},{"id":12859,"url":"https:\/\/www.entremundos.org\/revista\/politica\/mujeres-indigenas-y-rurales-en-defensa-del-territorio-frente-al-extractivismo-en-guatemala\/","url_meta":{"origin":8806,"position":2},"title":"Mujeres ind\u00edgenas y rurales en defensa del territorio frente al extractivismo en Guatemala","author":"EntreMundos","date":"21 mayo, 2025","format":false,"excerpt":"Por Asociadas Por lo Justo (JASS) Este es un resumen de un mapeo realizado por JASS, para compartir sus an\u00e1lisis, sus luchas y los impactos en sus vidas. El objetivo es contar las luchas por el territorio frente al extractivismo en Guatemala e identificar el papel y el impacto en\u2026","rel":"","context":"En \u00abFrontPage\u00bb","block_context":{"text":"FrontPage","link":"https:\/\/www.entremundos.org\/revista\/category\/frontpage\/"},"img":{"alt_text":"","src":"https:\/\/i0.wp.com\/www.entremundos.org\/revista\/wp-content\/uploads\/2025\/05\/2-scaled.png?fit=1200%2C843&ssl=1&resize=350%2C200","width":350,"height":200,"srcset":"https:\/\/i0.wp.com\/www.entremundos.org\/revista\/wp-content\/uploads\/2025\/05\/2-scaled.png?fit=1200%2C843&ssl=1&resize=350%2C200 1x, https:\/\/i0.wp.com\/www.entremundos.org\/revista\/wp-content\/uploads\/2025\/05\/2-scaled.png?fit=1200%2C843&ssl=1&resize=525%2C300 1.5x, https:\/\/i0.wp.com\/www.entremundos.org\/revista\/wp-content\/uploads\/2025\/05\/2-scaled.png?fit=1200%2C843&ssl=1&resize=700%2C400 2x, https:\/\/i0.wp.com\/www.entremundos.org\/revista\/wp-content\/uploads\/2025\/05\/2-scaled.png?fit=1200%2C843&ssl=1&resize=1050%2C600 3x"},"classes":[]},{"id":11500,"url":"https:\/\/www.entremundos.org\/revista\/frontpage\/desarrollo-y-turismo-comunitario\/","url_meta":{"origin":8806,"position":3},"title":"Desarrollo y turismo comunitario","author":"EntreMundos","date":"11 diciembre, 2023","format":false,"excerpt":"POR ADAFIS Y ASODIL\u00a0 En Guatemala se pueden disfrutar de experiencias inolvidables en cada recorrido que se haga en el pa\u00eds; pues \u00e9ste es de los pa\u00edses con mayores atractivos naturales en Centroam\u00e9rica. Como muestra, te presentamos dos proyectos exitosos de turismo comunitario; ADAFIS y ASODIL. Iniciamos el recorrido en\u2026","rel":"","context":"En \u00abFrontPage\u00bb","block_context":{"text":"FrontPage","link":"https:\/\/www.entremundos.org\/revista\/category\/frontpage\/"},"img":{"alt_text":"","src":"https:\/\/i0.wp.com\/www.entremundos.org\/revista\/wp-content\/uploads\/2023\/12\/foto-asodil-.jpg?fit=480%2C360&ssl=1&resize=350%2C200","width":350,"height":200},"classes":[]},{"id":10580,"url":"https:\/\/www.entremundos.org\/revista\/politica\/desalojos-aumentan-durante-el-gobierno-de-alejandro-giammattei\/","url_meta":{"origin":8806,"position":4},"title":"Desalojos aumentan durante el gobierno de Alejandro Giammattei","author":"EntreMundos","date":"8 marzo, 2023","format":false,"excerpt":"Por Gilberto Escobar\u00a0 En Guatemala, durante los \u00faltimos a\u00f1os, los desalojos han ido en aumento y se han dado en dos modalidades: los desalojos legales que tienen una orden judicial y los extrajudiciales, los que\u00a0 no van acompa\u00f1ados de ninguna orden de un juez y que ocurren\u00a0 en horas de\u2026","rel":"","context":"En \u00abBosques\u00bb","block_context":{"text":"Bosques","link":"https:\/\/www.entremundos.org\/revista\/category\/medio-ambiente\/bosques\/"},"img":{"alt_text":"","src":"https:\/\/i0.wp.com\/www.entremundos.org\/revista\/wp-content\/uploads\/2023\/03\/portada.jpg?fit=1024%2C768&ssl=1&resize=350%2C200","width":350,"height":200,"srcset":"https:\/\/i0.wp.com\/www.entremundos.org\/revista\/wp-content\/uploads\/2023\/03\/portada.jpg?fit=1024%2C768&ssl=1&resize=350%2C200 1x, https:\/\/i0.wp.com\/www.entremundos.org\/revista\/wp-content\/uploads\/2023\/03\/portada.jpg?fit=1024%2C768&ssl=1&resize=525%2C300 1.5x, https:\/\/i0.wp.com\/www.entremundos.org\/revista\/wp-content\/uploads\/2023\/03\/portada.jpg?fit=1024%2C768&ssl=1&resize=700%2C400 2x"},"classes":[]},{"id":13250,"url":"https:\/\/www.entremundos.org\/revista\/politica\/pymes-migracion-y-el-reto-de-la-informalidad-en-guatemala-una-economia-que-resiste-desde-abajo\/","url_meta":{"origin":8806,"position":5},"title":"PYMES, migraci\u00f3n y el reto de la informalidad en Guatemala: Una econom\u00eda que resiste desde abajo","author":"EntreMundos","date":"17 septiembre, 2025","format":false,"excerpt":"Por Alexander Castillo Este art\u00edculo analiza el papel crucial que juegan las Peque\u00f1as y Medianas Empresas (PYMES) y la migraci\u00f3n en la econom\u00eda guatemalteca. Con base en datos actuales, se resalta que m\u00e1s del 90\u202f% de las empresas del pa\u00eds son peque\u00f1as o medianas, y que las remesas representan cerca\u2026","rel":"","context":"En \u00abFrontPage\u00bb","block_context":{"text":"FrontPage","link":"https:\/\/www.entremundos.org\/revista\/category\/frontpage\/"},"img":{"alt_text":"","src":"","width":0,"height":0},"classes":[]}],"jetpack_sharing_enabled":true,"_links":{"self":[{"href":"https:\/\/www.entremundos.org\/revista\/wp-json\/wp\/v2\/posts\/8806","targetHints":{"allow":["GET"]}}],"collection":[{"href":"https:\/\/www.entremundos.org\/revista\/wp-json\/wp\/v2\/posts"}],"about":[{"href":"https:\/\/www.entremundos.org\/revista\/wp-json\/wp\/v2\/types\/post"}],"author":[{"embeddable":true,"href":"https:\/\/www.entremundos.org\/revista\/wp-json\/wp\/v2\/users\/13"}],"replies":[{"embeddable":true,"href":"https:\/\/www.entremundos.org\/revista\/wp-json\/wp\/v2\/comments?post=8806"}],"version-history":[{"count":1,"href":"https:\/\/www.entremundos.org\/revista\/wp-json\/wp\/v2\/posts\/8806\/revisions"}],"predecessor-version":[{"id":8814,"href":"https:\/\/www.entremundos.org\/revista\/wp-json\/wp\/v2\/posts\/8806\/revisions\/8814"}],"wp:featuredmedia":[{"embeddable":true,"href":"https:\/\/www.entremundos.org\/revista\/wp-json\/wp\/v2\/media\/8807"}],"wp:attachment":[{"href":"https:\/\/www.entremundos.org\/revista\/wp-json\/wp\/v2\/media?parent=8806"}],"wp:term":[{"taxonomy":"category","embeddable":true,"href":"https:\/\/www.entremundos.org\/revista\/wp-json\/wp\/v2\/categories?post=8806"},{"taxonomy":"post_tag","embeddable":true,"href":"https:\/\/www.entremundos.org\/revista\/wp-json\/wp\/v2\/tags?post=8806"}],"curies":[{"name":"wp","href":"https:\/\/api.w.org\/{rel}","templated":true}]}}