{"id":8973,"date":"2021-07-25T13:37:56","date_gmt":"2021-07-25T21:37:56","guid":{"rendered":"https:\/\/www.entremundos.org\/revista\/?p=8973"},"modified":"2021-09-03T00:06:35","modified_gmt":"2021-09-03T08:06:35","slug":"nuestras-profundas-memorias-de-violencia-y-represion-reivindico-la-alegria-sin-perder-la-indignacion-cosmogonia-qeqchi","status":"publish","type":"post","link":"https:\/\/www.entremundos.org\/revista\/frontpage\/nuestras-profundas-memorias-de-violencia-y-represion-reivindico-la-alegria-sin-perder-la-indignacion-cosmogonia-qeqchi\/","title":{"rendered":"Nuestras profundas memorias de violencia y represi\u00f3n"},"content":{"rendered":"<p><b>Mercedes Calel<\/b><\/p>\n<p style=\"text-align: right;\"><em>Reivindico la alegr\u00eda, sin perder la indignaci\u00f3n (cosmogon\u00eda Q\u00b4eqchi\u00b4)<\/em><\/p>\n<p>En la Colonia M\u00e1rtires Poq\u2019omchi\u2019 Pantup, ubicada en el municipio de San Crist\u00f3bal Verapaz, la esperanza y \u00e1nimo de lucha por la transformaci\u00f3n y el cambio social son unas de las caracter\u00edsticas m\u00e1s prominentes entre sus pobladores. La poblaci\u00f3n asentada dentro de la colonia pertenece a otras comunidades que aglutinan a desplazados, quienes son v\u00edctimas, familiares de v\u00edctimas y sobrevivientes del Conflicto Armado Interno y de la represi\u00f3n sufrida en los a\u00f1os de violencia del Estado. Las graves violaciones a los derechos humanos, p\u00e9rdidas materiales y humanas, con heridas a\u00fan sin sanar; la dictadura militar y los procesos de paz fueron traumas muy fuertes, y por ello se han heredado ideales de lucha por la justicia social\u00a0 a las nuevas generaciones.<\/p>\n<p>Durante la \u00e9poca del conflicto armado, afloraba una masiva inmigraci\u00f3n alemana, gracias al \u201camiguismo\u201d entre terratenientes y autoridades, as\u00ed como la instalaci\u00f3n de empresas estadounidenses, fundamentadas en legislaciones regresivas aprobadas para beneficio de transnacionales y \u00e9lites de poder.<\/p>\n<p>Actualmente la mayor\u00eda de la poblaci\u00f3n se dedica a trabajos informales, principalmente a oficios dom\u00e9sticos, jornales en fincas, agricultura, entre otros. La mayor parte de la poblaci\u00f3n no sabe leer o escribir; sin embargo, las experiencias dolorosas y el pasado vivido, los ha vuelto h\u00e1biles en otras \u00e1reas de la vida cotidiana, teniendo ahora la habilidad de manejar un negocio de compras y ventas, habilidad num\u00e9rica en el manejo de montos, recursos y bienes dinerarios, la comunicaci\u00f3n efectiva dominando el idioma espa\u00f1ol adem\u00e1s del idioma materno (Poq\u2019omchi\u00b4), el manejo adecuado de los recursos de la comunidad, su distribuci\u00f3n, el poder de convocatoria y alzar la voz en representaci\u00f3n de la comunidad para cambiar y transformar realidades en el Estado discriminador y racista en el que vivimos.<\/p>\n<figure id=\"attachment_8974\" aria-describedby=\"caption-attachment-8974\" style=\"width: 960px\" class=\"wp-caption aligncenter\"><a href=\"https:\/\/i0.wp.com\/www.entremundos.org\/revista\/wp-content\/uploads\/2021\/07\/9.-photo-mercedes-calel-scaled.jpg?ssl=1\"><img data-recalc-dims=\"1\" loading=\"lazy\" decoding=\"async\" class=\"wp-image-8974 size-large\" src=\"https:\/\/i0.wp.com\/www.entremundos.org\/revista\/wp-content\/uploads\/2021\/07\/9.-photo-mercedes-calel.jpg?resize=640%2C480&#038;ssl=1\" alt=\"\" width=\"640\" height=\"480\" srcset=\"https:\/\/i0.wp.com\/www.entremundos.org\/revista\/wp-content\/uploads\/2021\/07\/9.-photo-mercedes-calel-scaled.jpg?resize=1024%2C768&amp;ssl=1 1024w, https:\/\/i0.wp.com\/www.entremundos.org\/revista\/wp-content\/uploads\/2021\/07\/9.-photo-mercedes-calel-scaled.jpg?resize=300%2C225&amp;ssl=1 300w, https:\/\/i0.wp.com\/www.entremundos.org\/revista\/wp-content\/uploads\/2021\/07\/9.-photo-mercedes-calel-scaled.jpg?resize=768%2C576&amp;ssl=1 768w, https:\/\/i0.wp.com\/www.entremundos.org\/revista\/wp-content\/uploads\/2021\/07\/9.-photo-mercedes-calel-scaled.jpg?resize=1536%2C1152&amp;ssl=1 1536w, https:\/\/i0.wp.com\/www.entremundos.org\/revista\/wp-content\/uploads\/2021\/07\/9.-photo-mercedes-calel-scaled.jpg?resize=2048%2C1536&amp;ssl=1 2048w, https:\/\/i0.wp.com\/www.entremundos.org\/revista\/wp-content\/uploads\/2021\/07\/9.-photo-mercedes-calel-scaled.jpg?resize=72%2C54&amp;ssl=1 72w, https:\/\/i0.wp.com\/www.entremundos.org\/revista\/wp-content\/uploads\/2021\/07\/9.-photo-mercedes-calel-scaled.jpg?resize=335%2C251&amp;ssl=1 335w, https:\/\/i0.wp.com\/www.entremundos.org\/revista\/wp-content\/uploads\/2021\/07\/9.-photo-mercedes-calel-scaled.jpg?resize=1050%2C788&amp;ssl=1 1050w, https:\/\/i0.wp.com\/www.entremundos.org\/revista\/wp-content\/uploads\/2021\/07\/9.-photo-mercedes-calel-scaled.jpg?w=1280&amp;ssl=1 1280w, https:\/\/i0.wp.com\/www.entremundos.org\/revista\/wp-content\/uploads\/2021\/07\/9.-photo-mercedes-calel-scaled.jpg?w=1920&amp;ssl=1 1920w\" sizes=\"auto, (max-width: 640px) 100vw, 640px\" \/><\/a><figcaption id=\"caption-attachment-8974\" class=\"wp-caption-text\">Foto de Maria C.<\/figcaption><\/figure>\n<p>A pesar de esto, existen ciertos retos. Ang\u00e9lica Hern\u00e1ndez Vargas, quien fue parte del COCODE, en el a\u00f1o 2011 y quien es originaria de Chicam\u00e1n, El Quich\u00e9, menciona: \u201cEn la conformaci\u00f3n de la colonia se realizaron gestiones exitosas que dieron como resultado proyectos para el desarrollo de la comunidad. Sin embargo, un tiempo despu\u00e9s se presentaron falencias que mermaron la proyecci\u00f3n de mejoras a futuro, ya que a causa de diferencias entre l\u00edderes y lideresas se argument\u00f3 la realizaci\u00f3n de acciones innecesarias que no fueron ejecutadas de la mejor manera, desvalorizando el accionar realizado\u201d.<\/p>\n<p>No obstante, es importante reconocer las capacidades instaladas, el potencial y las fortalezas de los l\u00edderes y lideresas comunitarias para afrontar debilidades y transformar su entorno comunitario para beneficiar a los colectivos, ya que se\u00a0 encuentran inmersos en luchas, vivencias, resistencias, defensas, relaciones de conciencia y la construcci\u00f3n esperanzadora, aun cuando se encuentren con heridas abiertas o sin sanar.<\/p>\n<p>Los marcos de pol\u00edticas insurgentes y genocidas del Estado de los a\u00f1os del conflicto, afectaron directamente a las comunidades Mayas, cuyo \u00fanico fin era honrar y dignificar el deseo de ser constantes, acuerpando procesos de transformaci\u00f3n de las narrativas de violencia; procesos vividas con su visi\u00f3n y legado como luz y voz, para las generaciones venideras y de los sujetos negados desde los a\u00f1os de la colonia. El conflicto instal\u00f3 miedo en la poblaci\u00f3n, sin embargo, los recuerdos, pensamientos y legados no desaparecer\u00e1n, ya que forjaron la necesidad de lucha por los derechos humanos e iniciaron dimensiones de conciencia<\/p>\n<p style=\"text-align: center;\"><i><span style=\"font-weight: 400;\">\u201cOdiamos la farsa que llaman patria; porque con ese nombre nos quitan a nuestros hijos, para que les sirvan de escalera y de perros de presa a otros, nos embrutecen por la patria, nos matan por la patria, nos apalean por la patria, y si tenemos la temeridad de rebelarnos, ya sabemos lo que nos espera, bala rasa y sin consideraci\u00f3n; jam\u00e1s entienden el idioma del pueblo; si pedimos justicia o pan, nos dan plomo y c\u00e1rceles. \u00bfQu\u00e9 es, pues, la patria?\u201d &#8211; Virginia Bolten<\/span><\/i><\/p>\n<p><em>Foto de portada de Mar\u00eda Mercedes Calel<\/em><\/p>\n","protected":false},"excerpt":{"rendered":"<p>Mercedes Calel Reivindico la alegr\u00eda, sin perder la indignaci\u00f3n (cosmogon\u00eda Q\u00b4eqchi\u00b4) En la Colonia M\u00e1rtires Poq\u2019omchi\u2019 Pantup, ubicada en el municipio de San Crist\u00f3bal Verapaz, la esperanza y \u00e1nimo de lucha por la transformaci\u00f3n y el cambio social son unas de las caracter\u00edsticas m\u00e1s prominentes entre sus pobladores. La poblaci\u00f3n asentada dentro de la colonia [&hellip;]<\/p>\n","protected":false},"author":1,"featured_media":8981,"comment_status":"closed","ping_status":"closed","sticky":false,"template":"","format":"standard","meta":{"_exactmetrics_skip_tracking":false,"_exactmetrics_sitenote_active":false,"_exactmetrics_sitenote_note":"","_exactmetrics_sitenote_category":0,"jetpack_post_was_ever_published":false,"_jetpack_newsletter_access":"","_jetpack_dont_email_post_to_subs":false,"_jetpack_newsletter_tier_id":0,"_jetpack_memberships_contains_paywalled_content":false,"_jetpack_memberships_contains_paid_content":false,"footnotes":""},"categories":[452],"tags":[3159,852,3160,3143,3145,3142],"class_list":["post-8973","post","type-post","status-publish","format-standard","has-post-thumbnail","hentry","category-frontpage","tag-conflicto-armado-interno-alta-verapaz","tag-memoria-historica","tag-organizacion-comunitaria-alta-verapaz","tag-pueblo-poqomchi","tag-san-cristobal-verapaz","tag-victimas-conflicto-armado-interno"],"jetpack_featured_media_url":"https:\/\/i0.wp.com\/www.entremundos.org\/revista\/wp-content\/uploads\/2021\/07\/8.-mujeres-de-la-comunidad.-foto-mercedes-calel-scaled.jpg?fit=2560%2C1920&ssl=1","jetpack_shortlink":"https:\/\/wp.me\/p7ljt7-2kJ","jetpack-related-posts":[{"id":11083,"url":"https:\/\/www.entremundos.org\/revista\/medio-ambiente\/sin-abejas-no-hay-vida\/","url_meta":{"origin":8973,"position":0},"title":"Sin abejas no hay vida","author":"EntreMundos","date":"20 julio, 2023","format":false,"excerpt":"Ma\u00edz de Vida\u00a0 \u00bfSab\u00edas que a nivel global existen m\u00e1s de 20 mil especies de abejas? Su vida es fundamental para los ecosistemas y la producci\u00f3n de alimentos. Sab\u00edas que una abeja vive menos de 40 d\u00edas, visita al menos 1000 flores y produce menos de una cucharadita de miel,\u2026","rel":"","context":"En \u00abAccion Comunitaria\u00bb","block_context":{"text":"Accion Comunitaria","link":"https:\/\/www.entremundos.org\/revista\/category\/politica\/accion-comunitaria-3\/"},"img":{"alt_text":"","src":"https:\/\/i0.wp.com\/www.entremundos.org\/revista\/wp-content\/uploads\/2023\/07\/a6d4e38f-ec55-4772-bcd2-36fc346e048c-1.jpg?fit=901%2C1200&ssl=1&resize=350%2C200","width":350,"height":200,"srcset":"https:\/\/i0.wp.com\/www.entremundos.org\/revista\/wp-content\/uploads\/2023\/07\/a6d4e38f-ec55-4772-bcd2-36fc346e048c-1.jpg?fit=901%2C1200&ssl=1&resize=350%2C200 1x, https:\/\/i0.wp.com\/www.entremundos.org\/revista\/wp-content\/uploads\/2023\/07\/a6d4e38f-ec55-4772-bcd2-36fc346e048c-1.jpg?fit=901%2C1200&ssl=1&resize=525%2C300 1.5x, https:\/\/i0.wp.com\/www.entremundos.org\/revista\/wp-content\/uploads\/2023\/07\/a6d4e38f-ec55-4772-bcd2-36fc346e048c-1.jpg?fit=901%2C1200&ssl=1&resize=700%2C400 2x"},"classes":[]},{"id":7012,"url":"https:\/\/www.entremundos.org\/revista\/politics\/corruption\/state-looting-of-indigenous-land-the-case-of-tres-cruces-in-coban-alta-verapaz\/?lang=en","url_meta":{"origin":8973,"position":1},"title":"STATE LOOTING OF INDIGENOUS LAND:  The case of Tres Cruces in Cob\u00e1n, Alta Verapaz","author":"EntreMundos","date":"7 julio, 2020","format":false,"excerpt":"By C\u00e9sar Bol Between the years 1850 and 1860 the first Germans arrived in Guatemala to seek their fortune. Around they year 1863, the first German, a man by the name of Sapper, settled in Cob\u00e1n, Alta Verapaz. Three years later he would begin coffee farming. The first records of\u2026","rel":"","context":"En \u00abCorruption\u00bb","block_context":{"text":"Corruption","link":"https:\/\/www.entremundos.org\/revista\/category\/politics\/corruption\/?lang=en"},"img":{"alt_text":"","src":"https:\/\/i0.wp.com\/www.entremundos.org\/revista\/wp-content\/uploads\/2020\/07\/4.-en-alguna-comunidad-de-alta-verapaz-nelson-cetino.jpg?fit=1200%2C813&ssl=1&resize=350%2C200","width":350,"height":200,"srcset":"https:\/\/i0.wp.com\/www.entremundos.org\/revista\/wp-content\/uploads\/2020\/07\/4.-en-alguna-comunidad-de-alta-verapaz-nelson-cetino.jpg?fit=1200%2C813&ssl=1&resize=350%2C200 1x, https:\/\/i0.wp.com\/www.entremundos.org\/revista\/wp-content\/uploads\/2020\/07\/4.-en-alguna-comunidad-de-alta-verapaz-nelson-cetino.jpg?fit=1200%2C813&ssl=1&resize=525%2C300 1.5x, https:\/\/i0.wp.com\/www.entremundos.org\/revista\/wp-content\/uploads\/2020\/07\/4.-en-alguna-comunidad-de-alta-verapaz-nelson-cetino.jpg?fit=1200%2C813&ssl=1&resize=700%2C400 2x, https:\/\/i0.wp.com\/www.entremundos.org\/revista\/wp-content\/uploads\/2020\/07\/4.-en-alguna-comunidad-de-alta-verapaz-nelson-cetino.jpg?fit=1200%2C813&ssl=1&resize=1050%2C600 3x"},"classes":[]},{"id":8978,"url":"https:\/\/www.entremundos.org\/revista\/frontpage-en\/our-profound-memories-of-violence-and-repression\/?lang=en","url_meta":{"origin":8973,"position":2},"title":"Our Profound Memories of Violence and Repression","author":"EntreMundos","date":"25 julio, 2021","format":false,"excerpt":"Mercedes Calel \u201cI reclaim happiness without losing indignation\u201d\u00a0 from the Q\u2019eqchi\u2019 worldview. In the territory of Martires Poq\u2019omchi\u2019 Pantup in San Crist\u00f3bal Verapaz, hope and enthusiasm for transformation and social change are some of the most prominent characteristics of those who have settled there.\u00a0 The population located in this area\u2026","rel":"","context":"En \u00abFrontPage\u00bb","block_context":{"text":"FrontPage","link":"https:\/\/www.entremundos.org\/revista\/category\/frontpage-en\/?lang=en"},"img":{"alt_text":"","src":"https:\/\/i0.wp.com\/www.entremundos.org\/revista\/wp-content\/uploads\/2021\/07\/8.-mujeres-de-la-comunidad.-foto-mercedes-calel-scaled.jpg?fit=1200%2C900&ssl=1&resize=350%2C200","width":350,"height":200,"srcset":"https:\/\/i0.wp.com\/www.entremundos.org\/revista\/wp-content\/uploads\/2021\/07\/8.-mujeres-de-la-comunidad.-foto-mercedes-calel-scaled.jpg?fit=1200%2C900&ssl=1&resize=350%2C200 1x, https:\/\/i0.wp.com\/www.entremundos.org\/revista\/wp-content\/uploads\/2021\/07\/8.-mujeres-de-la-comunidad.-foto-mercedes-calel-scaled.jpg?fit=1200%2C900&ssl=1&resize=525%2C300 1.5x, https:\/\/i0.wp.com\/www.entremundos.org\/revista\/wp-content\/uploads\/2021\/07\/8.-mujeres-de-la-comunidad.-foto-mercedes-calel-scaled.jpg?fit=1200%2C900&ssl=1&resize=700%2C400 2x, https:\/\/i0.wp.com\/www.entremundos.org\/revista\/wp-content\/uploads\/2021\/07\/8.-mujeres-de-la-comunidad.-foto-mercedes-calel-scaled.jpg?fit=1200%2C900&ssl=1&resize=1050%2C600 3x"},"classes":[]},{"id":10580,"url":"https:\/\/www.entremundos.org\/revista\/politica\/desalojos-aumentan-durante-el-gobierno-de-alejandro-giammattei\/","url_meta":{"origin":8973,"position":3},"title":"Desalojos aumentan durante el gobierno de Alejandro Giammattei","author":"EntreMundos","date":"8 marzo, 2023","format":false,"excerpt":"Por Gilberto Escobar\u00a0 En Guatemala, durante los \u00faltimos a\u00f1os, los desalojos han ido en aumento y se han dado en dos modalidades: los desalojos legales que tienen una orden judicial y los extrajudiciales, los que\u00a0 no van acompa\u00f1ados de ninguna orden de un juez y que ocurren\u00a0 en horas de\u2026","rel":"","context":"En \u00abBosques\u00bb","block_context":{"text":"Bosques","link":"https:\/\/www.entremundos.org\/revista\/category\/medio-ambiente\/bosques\/"},"img":{"alt_text":"","src":"https:\/\/i0.wp.com\/www.entremundos.org\/revista\/wp-content\/uploads\/2023\/03\/portada.jpg?fit=1024%2C768&ssl=1&resize=350%2C200","width":350,"height":200,"srcset":"https:\/\/i0.wp.com\/www.entremundos.org\/revista\/wp-content\/uploads\/2023\/03\/portada.jpg?fit=1024%2C768&ssl=1&resize=350%2C200 1x, https:\/\/i0.wp.com\/www.entremundos.org\/revista\/wp-content\/uploads\/2023\/03\/portada.jpg?fit=1024%2C768&ssl=1&resize=525%2C300 1.5x, https:\/\/i0.wp.com\/www.entremundos.org\/revista\/wp-content\/uploads\/2023\/03\/portada.jpg?fit=1024%2C768&ssl=1&resize=700%2C400 2x"},"classes":[]},{"id":11085,"url":"https:\/\/www.entremundos.org\/revista\/environment\/no-bees-no-life\/?lang=en","url_meta":{"origin":8973,"position":4},"title":"No bees, no life","author":"EntreMundos","date":"20 julio, 2023","format":false,"excerpt":"Ma\u00edz de Vida Did you know that there are more than 20,000 species of bees around the globe? Their survival is fundamental to ecosystems and food production. Did you know that a bee lives less than 40 days, visits fewer than 1000 flowers, and produces less than a teaspoon of\u2026","rel":"","context":"En \u00abCommunity Action\u00bb","block_context":{"text":"Community Action","link":"https:\/\/www.entremundos.org\/revista\/category\/politics\/community-action-en-2\/?lang=en"},"img":{"alt_text":"","src":"https:\/\/i0.wp.com\/www.entremundos.org\/revista\/wp-content\/uploads\/2023\/07\/a6d4e38f-ec55-4772-bcd2-36fc346e048c-1.jpg?fit=901%2C1200&ssl=1&resize=350%2C200","width":350,"height":200,"srcset":"https:\/\/i0.wp.com\/www.entremundos.org\/revista\/wp-content\/uploads\/2023\/07\/a6d4e38f-ec55-4772-bcd2-36fc346e048c-1.jpg?fit=901%2C1200&ssl=1&resize=350%2C200 1x, https:\/\/i0.wp.com\/www.entremundos.org\/revista\/wp-content\/uploads\/2023\/07\/a6d4e38f-ec55-4772-bcd2-36fc346e048c-1.jpg?fit=901%2C1200&ssl=1&resize=525%2C300 1.5x, https:\/\/i0.wp.com\/www.entremundos.org\/revista\/wp-content\/uploads\/2023\/07\/a6d4e38f-ec55-4772-bcd2-36fc346e048c-1.jpg?fit=901%2C1200&ssl=1&resize=700%2C400 2x"},"classes":[]},{"id":7569,"url":"https:\/\/www.entremundos.org\/revista\/world\/strengthening-leadership-and-empowering-youth-the-work-of-the-mojomayas-in-alta-verapaz-and-quiche-departments\/?lang=en","url_meta":{"origin":8973,"position":5},"title":"STRENGTHENING LEADERSHIP AND EMPOWERING YOUTH | The Work of the Mojomayas in Alta Verapaz and Quiche Departments","author":"EntreMundos","date":"5 octubre, 2020","format":false,"excerpt":"The Mojomaya are a group of young adults who make up part of the National Organization of Guatemalan widows--CONAVIGUA. It is a social group of young indigenous people who make an impact locally, nationally and regionally in defense of individual and group rights of indigenous peoples, i.e. for girls, boys,\u2026","rel":"","context":"En \u00abFrontPage\u00bb","block_context":{"text":"FrontPage","link":"https:\/\/www.entremundos.org\/revista\/category\/frontpage-en\/?lang=en"},"img":{"alt_text":"","src":"https:\/\/i0.wp.com\/www.entremundos.org\/revista\/wp-content\/uploads\/2020\/09\/juventud-scaled.jpg?fit=1200%2C900&ssl=1&resize=350%2C200","width":350,"height":200,"srcset":"https:\/\/i0.wp.com\/www.entremundos.org\/revista\/wp-content\/uploads\/2020\/09\/juventud-scaled.jpg?fit=1200%2C900&ssl=1&resize=350%2C200 1x, https:\/\/i0.wp.com\/www.entremundos.org\/revista\/wp-content\/uploads\/2020\/09\/juventud-scaled.jpg?fit=1200%2C900&ssl=1&resize=525%2C300 1.5x, https:\/\/i0.wp.com\/www.entremundos.org\/revista\/wp-content\/uploads\/2020\/09\/juventud-scaled.jpg?fit=1200%2C900&ssl=1&resize=700%2C400 2x, https:\/\/i0.wp.com\/www.entremundos.org\/revista\/wp-content\/uploads\/2020\/09\/juventud-scaled.jpg?fit=1200%2C900&ssl=1&resize=1050%2C600 3x"},"classes":[]}],"jetpack_sharing_enabled":true,"_links":{"self":[{"href":"https:\/\/www.entremundos.org\/revista\/wp-json\/wp\/v2\/posts\/8973","targetHints":{"allow":["GET"]}}],"collection":[{"href":"https:\/\/www.entremundos.org\/revista\/wp-json\/wp\/v2\/posts"}],"about":[{"href":"https:\/\/www.entremundos.org\/revista\/wp-json\/wp\/v2\/types\/post"}],"author":[{"embeddable":true,"href":"https:\/\/www.entremundos.org\/revista\/wp-json\/wp\/v2\/users\/1"}],"replies":[{"embeddable":true,"href":"https:\/\/www.entremundos.org\/revista\/wp-json\/wp\/v2\/comments?post=8973"}],"version-history":[{"count":8,"href":"https:\/\/www.entremundos.org\/revista\/wp-json\/wp\/v2\/posts\/8973\/revisions"}],"predecessor-version":[{"id":9102,"href":"https:\/\/www.entremundos.org\/revista\/wp-json\/wp\/v2\/posts\/8973\/revisions\/9102"}],"wp:featuredmedia":[{"embeddable":true,"href":"https:\/\/www.entremundos.org\/revista\/wp-json\/wp\/v2\/media\/8981"}],"wp:attachment":[{"href":"https:\/\/www.entremundos.org\/revista\/wp-json\/wp\/v2\/media?parent=8973"}],"wp:term":[{"taxonomy":"category","embeddable":true,"href":"https:\/\/www.entremundos.org\/revista\/wp-json\/wp\/v2\/categories?post=8973"},{"taxonomy":"post_tag","embeddable":true,"href":"https:\/\/www.entremundos.org\/revista\/wp-json\/wp\/v2\/tags?post=8973"}],"curies":[{"name":"wp","href":"https:\/\/api.w.org\/{rel}","templated":true}]}}