{"id":9035,"date":"2021-08-03T10:57:20","date_gmt":"2021-08-03T18:57:20","guid":{"rendered":"https:\/\/www.entremundos.org\/revista\/?p=9035"},"modified":"2021-08-03T11:05:00","modified_gmt":"2021-08-03T19:05:00","slug":"amris-impulsando-la-produccion-de-%c2%a8lombricomposta%c2%a8","status":"publish","type":"post","link":"https:\/\/www.entremundos.org\/revista\/medio-ambiente\/amris-impulsando-la-produccion-de-%c2%a8lombricomposta%c2%a8\/","title":{"rendered":"AMRIS Impulsando la Producci\u00f3n de \u00a8Lombricomposta\u00a8"},"content":{"rendered":"<p><span style=\"font-weight: 400;\">El aprovechamiento de los desechos org\u00e1nicos en la agricultura es muy importante pues adem\u00e1s de enriquecer el suelo, reduce la necesidad de utilizar fertilizantes sint\u00e9ticos y por ende, contribuye a minimizar la contaminaci\u00f3n del medio ambiente. El uso de \u201cla lombricomposta\u201d, (abono producido a base de la lombriz coqueta roja) es una pr\u00e1ctica que est\u00e1 siendo cada vez m\u00e1s utilizada por personas y comunidades interesadas en la sostenibilidad integral de sus cultivos, viveros y huertos. \u00c9ste es el caso de la Asociaci\u00f3n de Mujeres R\u00edo Isquizal (AMRIS), ubicada en Sebasti\u00e1n, Huehuetenango, quienes en septiembre de 2020, comenzaron a trabajar un proyecto de lombricomposta, aprovechando el esti\u00e9rcol de ganado ovino (ovejas y pelibueyes). Este proyecto involucra a 16 grupos de mujeres (256 mujeres en total) y la idea surgi\u00f3 al comentar entre las asociadas, c\u00f3mo aprovechar de mejor manera las excretas de estos animales. Algunas de las compa\u00f1eras en AMRIS hab\u00edan escuchado de la producci\u00f3n de abono utilizando la lombriz coqueta roja (<\/span><i><span style=\"font-weight: 400;\">Eisenia foetida<\/span><\/i><span style=\"font-weight: 400;\">), y lo beneficioso que es realizar el compostaje y producir fertilizante org\u00e1nico.\u00a0<\/span><\/p>\n<p><span style=\"font-weight: 400;\">El t\u00e9cnico agr\u00edcola Carlos Herrara Sajxch\u00e9, quien trabaja en conjunto con AMRIS en este nuevo proyecto, explica que la lombriz coqueta roja es una especie muy utilizada en proyectos de reciclaje de residuos org\u00e1nicos, pues \u00e9sta tiene una gran capacidad para digerir residuos org\u00e1nicos y por lo tanto, el abono que generan es catalogado como fertilizante de alta calidad. Tambi\u00e9n comenta que la lombricomposta mejora las propiedades del suelo porque contiene altas concentraciones de nitr\u00f3geno, potasio, f\u00f3sforo y magnesio, adem\u00e1s de aportar minerales y micronutrientes necesarios para los cultivos.\u00a0 Carlos indica, que aunque la lombriz coqueta roja se alimentan de diversos desechos org\u00e1nicos, uno de los mejores sustratos para esta especie son los esti\u00e9rcoles (de conejo, ganado mayor y menor como: vacas, toros, caballos, ovejas, pelibueyes, cabras) y no as\u00ed el de aves y cerdos, ya que estos \u00faltimos contienen altas concentraciones de amoniaco, por lo que podr\u00edan morir.\u00a0<\/span><\/p>\n<p><span style=\"font-weight: 400;\">La crianza de lombrices es una alternativa que permite aprovechar los desechos del ganado ovino, (que es muy com\u00fan en estas \u00e1reas del pa\u00eds) y utilizarlo en las siembras para mejorar la producci\u00f3n de los cultivos locales. Odilia Gregorio, coordinadora general de AMRIS, comenta: \u201csustituir el abono qu\u00edmico por abono 100% org\u00e1nico es uno de los objetivos principales de AMRIS\u201d. Por ello, recientemente Carlos realiz\u00f3 un peque\u00f1o taller comunitario para dar a conocer el proceso de producci\u00f3n de este compostaje. B\u00e1sicamente, el proceso se inicia con la construcci\u00f3n del refugio o casa para las lombrices, se recomienda que sea una caja de madera con medidas especiales. Luego se recolecta el esti\u00e9rcol y los desperdicios que se tengan en la cocina y se introducen en la caja mezclados con un poco de tierra. Finalmente se coloca la lombriz en la caja y en alrededor de uno o dos meses se tendr\u00e1 listo el abono org\u00e1nico.\u00a0<\/span><\/p>\n<p><span style=\"font-weight: 400;\">El proceso de producci\u00f3n de lombricomposta requiere de un buen manejo y cuidado, por eso Carlos recomienda mantener bien cubierta y tapada la lombricompostera, ya que estas lombrices no toleran el exceso de agua. Adem\u00e1s se debe evitar el ingreso de animales perjudiciales para la lombriz como las hormigas, ara\u00f1as o aves de corral. Aunque el manejo de esta compostera requiere de bastante atenci\u00f3n y cuidado, las mujeres de AMRIS est\u00e1n animadas pues saben que adem\u00e1s de obtener el abono, aprender\u00e1n a criar la lombriz y a futuro esperan poder venderla. Ellas tambi\u00e9n esperan producir abono para sus cultivos y generar un excedente para vender a sus vecinos o en las comunidades cercanas.<\/span><\/p>\n<p><span style=\"font-weight: 400;\">Las asociadas de AMRIS saben que como en otros proyectos, esta experiencia les brindar\u00e1 nuevos conocimientos y mejorar\u00e1 su liderazgo, lo cual asegura la estabilidad, continuidad y sostenibilidad de su grupo. Sin duda alguna, con el uso de la lombricomposta habr\u00e1 un impacto ambiental positivo para esta comunidad y en definitiva, este ser\u00e1 un proyecto que aportar\u00e1 muchas buenas experiencias para las mujeres de AMRIS. Esperamos que este peque\u00f1o proyecto comunitario se convierta en un ejemplo para otras comunidades y que juntos retomemos pr\u00e1cticas amigables con la agricultura y con el medio ambiente.\u00a0<\/span><\/p>\n<p>&nbsp;<\/p>\n<p><em>Foto por John Lodder disponible en <a href=\"https:\/\/www.flickr.com\/photos\/jlodder\/4961099257\">flickr<\/a><\/em><\/p>\n","protected":false},"excerpt":{"rendered":"<p>El aprovechamiento de los desechos org\u00e1nicos en la agricultura es muy importante pues adem\u00e1s de enriquecer el suelo, reduce la necesidad de utilizar fertilizantes sint\u00e9ticos y por ende, contribuye a minimizar la contaminaci\u00f3n del medio ambiente. El uso de \u201cla lombricomposta\u201d, (abono producido a base de la lombriz coqueta roja) es una pr\u00e1ctica que est\u00e1 [&hellip;]<\/p>\n","protected":false},"author":1,"featured_media":9036,"comment_status":"closed","ping_status":"closed","sticky":false,"template":"","format":"standard","meta":{"_exactmetrics_skip_tracking":false,"_exactmetrics_sitenote_active":false,"_exactmetrics_sitenote_note":"","_exactmetrics_sitenote_category":0,"jetpack_post_was_ever_published":false,"_jetpack_newsletter_access":"","_jetpack_dont_email_post_to_subs":false,"_jetpack_newsletter_tier_id":0,"_jetpack_memberships_contains_paywalled_content":false,"_jetpack_memberships_contains_paid_content":false,"footnotes":""},"categories":[452,384,386],"tags":[3225,1701,3227,3228,3224,3226],"class_list":["post-9035","post","type-post","status-publish","format-standard","has-post-thumbnail","hentry","category-frontpage","category-medio-ambiente","category-mujer","tag-abono-organico","tag-agricultura-sostenible","tag-amris","tag-asociacion-de-mujeres-en-huehuetenango","tag-lombricomposta","tag-lombriz-coqueta-roja"],"jetpack_featured_media_url":"https:\/\/i0.wp.com\/www.entremundos.org\/revista\/wp-content\/uploads\/2021\/08\/4961099257_c2c18b7820_o.jpg?fit=1280%2C853&ssl=1","jetpack_shortlink":"https:\/\/wp.me\/p7ljt7-2lJ","jetpack-related-posts":[{"id":9039,"url":"https:\/\/www.entremundos.org\/revista\/environment\/amris-promoting-the-production-of-vermicompost\/?lang=en","url_meta":{"origin":9035,"position":0},"title":"AMRIS Promoting the Production of Vermicompost","author":"EntreMundos","date":"3 agosto, 2021","format":false,"excerpt":"The use of organic waste in agriculture can be very beneficial. Beyond enriching soil, it reduces the need for synthetic fertilizers and thus contributes to the reduction of environmental pollution. The use of vermicompost (fertilizer produced by Eisenia fetida, the red wiggler worm) is being used more and more by\u2026","rel":"","context":"En \u00abEnvironment\u00bb","block_context":{"text":"Environment","link":"https:\/\/www.entremundos.org\/revista\/category\/environment\/?lang=en"},"img":{"alt_text":"","src":"https:\/\/i0.wp.com\/www.entremundos.org\/revista\/wp-content\/uploads\/2021\/08\/4961099257_c2c18b7820_o.jpg?fit=1200%2C800&ssl=1&resize=350%2C200","width":350,"height":200,"srcset":"https:\/\/i0.wp.com\/www.entremundos.org\/revista\/wp-content\/uploads\/2021\/08\/4961099257_c2c18b7820_o.jpg?fit=1200%2C800&ssl=1&resize=350%2C200 1x, https:\/\/i0.wp.com\/www.entremundos.org\/revista\/wp-content\/uploads\/2021\/08\/4961099257_c2c18b7820_o.jpg?fit=1200%2C800&ssl=1&resize=525%2C300 1.5x, https:\/\/i0.wp.com\/www.entremundos.org\/revista\/wp-content\/uploads\/2021\/08\/4961099257_c2c18b7820_o.jpg?fit=1200%2C800&ssl=1&resize=700%2C400 2x, https:\/\/i0.wp.com\/www.entremundos.org\/revista\/wp-content\/uploads\/2021\/08\/4961099257_c2c18b7820_o.jpg?fit=1200%2C800&ssl=1&resize=1050%2C600 3x"},"classes":[]},{"id":10580,"url":"https:\/\/www.entremundos.org\/revista\/politica\/desalojos-aumentan-durante-el-gobierno-de-alejandro-giammattei\/","url_meta":{"origin":9035,"position":1},"title":"Desalojos aumentan durante el gobierno de Alejandro Giammattei","author":"EntreMundos","date":"8 marzo, 2023","format":false,"excerpt":"Por Gilberto Escobar\u00a0 En Guatemala, durante los \u00faltimos a\u00f1os, los desalojos han ido en aumento y se han dado en dos modalidades: los desalojos legales que tienen una orden judicial y los extrajudiciales, los que\u00a0 no van acompa\u00f1ados de ninguna orden de un juez y que ocurren\u00a0 en horas de\u2026","rel":"","context":"En \u00abBosques\u00bb","block_context":{"text":"Bosques","link":"https:\/\/www.entremundos.org\/revista\/category\/medio-ambiente\/bosques\/"},"img":{"alt_text":"","src":"https:\/\/i0.wp.com\/www.entremundos.org\/revista\/wp-content\/uploads\/2023\/03\/portada.jpg?fit=1024%2C768&ssl=1&resize=350%2C200","width":350,"height":200,"srcset":"https:\/\/i0.wp.com\/www.entremundos.org\/revista\/wp-content\/uploads\/2023\/03\/portada.jpg?fit=1024%2C768&ssl=1&resize=350%2C200 1x, https:\/\/i0.wp.com\/www.entremundos.org\/revista\/wp-content\/uploads\/2023\/03\/portada.jpg?fit=1024%2C768&ssl=1&resize=525%2C300 1.5x, https:\/\/i0.wp.com\/www.entremundos.org\/revista\/wp-content\/uploads\/2023\/03\/portada.jpg?fit=1024%2C768&ssl=1&resize=700%2C400 2x"},"classes":[]},{"id":11083,"url":"https:\/\/www.entremundos.org\/revista\/medio-ambiente\/sin-abejas-no-hay-vida\/","url_meta":{"origin":9035,"position":2},"title":"Sin abejas no hay vida","author":"EntreMundos","date":"20 julio, 2023","format":false,"excerpt":"Ma\u00edz de Vida\u00a0 \u00bfSab\u00edas que a nivel global existen m\u00e1s de 20 mil especies de abejas? Su vida es fundamental para los ecosistemas y la producci\u00f3n de alimentos. Sab\u00edas que una abeja vive menos de 40 d\u00edas, visita al menos 1000 flores y produce menos de una cucharadita de miel,\u2026","rel":"","context":"En \u00abAccion Comunitaria\u00bb","block_context":{"text":"Accion Comunitaria","link":"https:\/\/www.entremundos.org\/revista\/category\/politica\/accion-comunitaria-3\/"},"img":{"alt_text":"","src":"https:\/\/i0.wp.com\/www.entremundos.org\/revista\/wp-content\/uploads\/2023\/07\/a6d4e38f-ec55-4772-bcd2-36fc346e048c-1.jpg?fit=901%2C1200&ssl=1&resize=350%2C200","width":350,"height":200,"srcset":"https:\/\/i0.wp.com\/www.entremundos.org\/revista\/wp-content\/uploads\/2023\/07\/a6d4e38f-ec55-4772-bcd2-36fc346e048c-1.jpg?fit=901%2C1200&ssl=1&resize=350%2C200 1x, https:\/\/i0.wp.com\/www.entremundos.org\/revista\/wp-content\/uploads\/2023\/07\/a6d4e38f-ec55-4772-bcd2-36fc346e048c-1.jpg?fit=901%2C1200&ssl=1&resize=525%2C300 1.5x, https:\/\/i0.wp.com\/www.entremundos.org\/revista\/wp-content\/uploads\/2023\/07\/a6d4e38f-ec55-4772-bcd2-36fc346e048c-1.jpg?fit=901%2C1200&ssl=1&resize=700%2C400 2x"},"classes":[]},{"id":12859,"url":"https:\/\/www.entremundos.org\/revista\/politica\/mujeres-indigenas-y-rurales-en-defensa-del-territorio-frente-al-extractivismo-en-guatemala\/","url_meta":{"origin":9035,"position":3},"title":"Mujeres ind\u00edgenas y rurales en defensa del territorio frente al extractivismo en Guatemala","author":"EntreMundos","date":"21 mayo, 2025","format":false,"excerpt":"Por Asociadas Por lo Justo (JASS) Este es un resumen de un mapeo realizado por JASS, para compartir sus an\u00e1lisis, sus luchas y los impactos en sus vidas. El objetivo es contar las luchas por el territorio frente al extractivismo en Guatemala e identificar el papel y el impacto en\u2026","rel":"","context":"En \u00abFrontPage\u00bb","block_context":{"text":"FrontPage","link":"https:\/\/www.entremundos.org\/revista\/category\/frontpage\/"},"img":{"alt_text":"","src":"https:\/\/i0.wp.com\/www.entremundos.org\/revista\/wp-content\/uploads\/2025\/05\/2-scaled.png?fit=1200%2C843&ssl=1&resize=350%2C200","width":350,"height":200,"srcset":"https:\/\/i0.wp.com\/www.entremundos.org\/revista\/wp-content\/uploads\/2025\/05\/2-scaled.png?fit=1200%2C843&ssl=1&resize=350%2C200 1x, https:\/\/i0.wp.com\/www.entremundos.org\/revista\/wp-content\/uploads\/2025\/05\/2-scaled.png?fit=1200%2C843&ssl=1&resize=525%2C300 1.5x, https:\/\/i0.wp.com\/www.entremundos.org\/revista\/wp-content\/uploads\/2025\/05\/2-scaled.png?fit=1200%2C843&ssl=1&resize=700%2C400 2x, https:\/\/i0.wp.com\/www.entremundos.org\/revista\/wp-content\/uploads\/2025\/05\/2-scaled.png?fit=1200%2C843&ssl=1&resize=1050%2C600 3x"},"classes":[]},{"id":12224,"url":"https:\/\/www.entremundos.org\/revista\/mujer\/derechos-sexuales-y-reproductivos-tema-pendiente-en-guatemala\/","url_meta":{"origin":9035,"position":4},"title":"Derechos sexuales y reproductivos; tema pendiente en Guatemala","author":"EntreMundos","date":"15 julio, 2024","format":false,"excerpt":"POR EMMA G\u00d3MEZ Seg\u00fan La Organizaci\u00f3n de las Naciones Unidas de los Derechos Humanos, (ONU-DH), los derechos sexuales y reproductivos est\u00e1n relacionados con la libertad de las personas a decidir sobre su sexualidad y el ejercicio libre de la misma. Algunos derechos pueden ser; ejercer la sexualidad de manera independiente\u2026","rel":"","context":"En \u00abFrontPage\u00bb","block_context":{"text":"FrontPage","link":"https:\/\/www.entremundos.org\/revista\/category\/frontpage\/"},"img":{"alt_text":"","src":"https:\/\/i0.wp.com\/www.entremundos.org\/revista\/wp-content\/uploads\/2024\/07\/444487166_750607893953803_8829963883492089519_n.jpg?fit=1200%2C1158&ssl=1&resize=350%2C200","width":350,"height":200,"srcset":"https:\/\/i0.wp.com\/www.entremundos.org\/revista\/wp-content\/uploads\/2024\/07\/444487166_750607893953803_8829963883492089519_n.jpg?fit=1200%2C1158&ssl=1&resize=350%2C200 1x, https:\/\/i0.wp.com\/www.entremundos.org\/revista\/wp-content\/uploads\/2024\/07\/444487166_750607893953803_8829963883492089519_n.jpg?fit=1200%2C1158&ssl=1&resize=525%2C300 1.5x, https:\/\/i0.wp.com\/www.entremundos.org\/revista\/wp-content\/uploads\/2024\/07\/444487166_750607893953803_8829963883492089519_n.jpg?fit=1200%2C1158&ssl=1&resize=700%2C400 2x, https:\/\/i0.wp.com\/www.entremundos.org\/revista\/wp-content\/uploads\/2024\/07\/444487166_750607893953803_8829963883492089519_n.jpg?fit=1200%2C1158&ssl=1&resize=1050%2C600 3x"},"classes":[]},{"id":10833,"url":"https:\/\/www.entremundos.org\/revista\/politica\/violencia-contra-las-mujeres-dominio-masculino-en-la-politica\/","url_meta":{"origin":9035,"position":5},"title":"Violencia contra las mujeres: dominio masculino en la pol\u00edtica","author":"EntreMundos","date":"29 mayo, 2023","format":false,"excerpt":"Silvia Lilian Trujillo La violencia pol\u00edtica es sistem\u00e1tica y permanente, se produce para inhibir, ralentizar o restringir la participaci\u00f3n pol\u00edtica de mujeres, en el marco de un sistema que se resiste a aceptar su igualdad de derechos. Mientras no se trabaje para acabar con esta violencia espec\u00edfica la calidad de\u2026","rel":"","context":"En \u00abFrontPage\u00bb","block_context":{"text":"FrontPage","link":"https:\/\/www.entremundos.org\/revista\/category\/frontpage\/"},"img":{"alt_text":"","src":"https:\/\/i0.wp.com\/www.entremundos.org\/revista\/wp-content\/uploads\/2023\/05\/000_16w772-1.jpg?fit=1200%2C799&ssl=1&resize=350%2C200","width":350,"height":200,"srcset":"https:\/\/i0.wp.com\/www.entremundos.org\/revista\/wp-content\/uploads\/2023\/05\/000_16w772-1.jpg?fit=1200%2C799&ssl=1&resize=350%2C200 1x, https:\/\/i0.wp.com\/www.entremundos.org\/revista\/wp-content\/uploads\/2023\/05\/000_16w772-1.jpg?fit=1200%2C799&ssl=1&resize=525%2C300 1.5x, https:\/\/i0.wp.com\/www.entremundos.org\/revista\/wp-content\/uploads\/2023\/05\/000_16w772-1.jpg?fit=1200%2C799&ssl=1&resize=700%2C400 2x, https:\/\/i0.wp.com\/www.entremundos.org\/revista\/wp-content\/uploads\/2023\/05\/000_16w772-1.jpg?fit=1200%2C799&ssl=1&resize=1050%2C600 3x"},"classes":[]}],"jetpack_sharing_enabled":true,"_links":{"self":[{"href":"https:\/\/www.entremundos.org\/revista\/wp-json\/wp\/v2\/posts\/9035","targetHints":{"allow":["GET"]}}],"collection":[{"href":"https:\/\/www.entremundos.org\/revista\/wp-json\/wp\/v2\/posts"}],"about":[{"href":"https:\/\/www.entremundos.org\/revista\/wp-json\/wp\/v2\/types\/post"}],"author":[{"embeddable":true,"href":"https:\/\/www.entremundos.org\/revista\/wp-json\/wp\/v2\/users\/1"}],"replies":[{"embeddable":true,"href":"https:\/\/www.entremundos.org\/revista\/wp-json\/wp\/v2\/comments?post=9035"}],"version-history":[{"count":2,"href":"https:\/\/www.entremundos.org\/revista\/wp-json\/wp\/v2\/posts\/9035\/revisions"}],"predecessor-version":[{"id":9042,"href":"https:\/\/www.entremundos.org\/revista\/wp-json\/wp\/v2\/posts\/9035\/revisions\/9042"}],"wp:featuredmedia":[{"embeddable":true,"href":"https:\/\/www.entremundos.org\/revista\/wp-json\/wp\/v2\/media\/9036"}],"wp:attachment":[{"href":"https:\/\/www.entremundos.org\/revista\/wp-json\/wp\/v2\/media?parent=9035"}],"wp:term":[{"taxonomy":"category","embeddable":true,"href":"https:\/\/www.entremundos.org\/revista\/wp-json\/wp\/v2\/categories?post=9035"},{"taxonomy":"post_tag","embeddable":true,"href":"https:\/\/www.entremundos.org\/revista\/wp-json\/wp\/v2\/tags?post=9035"}],"curies":[{"name":"wp","href":"https:\/\/api.w.org\/{rel}","templated":true}]}}