{"id":9113,"date":"2021-09-25T11:30:11","date_gmt":"2021-09-25T19:30:11","guid":{"rendered":"https:\/\/www.entremundos.org\/revista\/?p=9113"},"modified":"2021-09-27T11:11:36","modified_gmt":"2021-09-27T19:11:36","slug":"mujeres-y-uso-de-la-tierra-en-guatemala-un-problema-antiguo-todavia-sin-solucion","status":"publish","type":"post","link":"https:\/\/www.entremundos.org\/revista\/economia\/mujeres-y-uso-de-la-tierra-en-guatemala-un-problema-antiguo-todavia-sin-solucion\/","title":{"rendered":"Mujeres y uso de la tierra en Guatemala: un problema antiguo, todav\u00eda sin soluci\u00f3n"},"content":{"rendered":"<p><strong>Por Fabio Cresto Ale\u00edna<\/strong><\/p>\n<blockquote>\n<p style=\"text-align: center;\"><span style=\"font-weight: 400;\">\u201cLa tierra no es s\u00f3lo el pedazo donde vivimos y sembramos. La tierra es nuestra madre porque nos da de comer, nos da todo lo que necesitamos como el agua que cae del cielo y se guarda en ella; hace crecer los \u00e1rboles y por eso tenemos aire. [\u2026] nosotros como pueblo, como cultura, no podemos existir si no estamos pegados a la tierra donde nacimos; la tierra, el territorio nos une, es parte y fuente de nuestra cultura y aqu\u00ed en nuestra tierra resistimos las imposiciones por todos estos siglos\u201d.<\/span><\/p>\n<\/blockquote>\n<p style=\"text-align: right;\"><span style=\"font-weight: 400;\">Guadalupe Garc\u00eda, mujer Maya Mam y activista social, entrevista del 2013, desde el estudio \u201c<\/span><i><span style=\"font-weight: 400;\">Las mujeres y la tierra en Guatemala: entre el colonialismo y el mercado neoliberal<\/span><\/i><span style=\"font-weight: 400;\">\u201d, de Ana Patricia Castillo Huertas.\u00a0<\/span><\/p>\n<p>&nbsp;<\/p>\n<p><span style=\"font-weight: 400;\">La tierra y los recursos naturales constituyen una parte fundamental de los derechos b\u00e1sicos para las poblaciones rurales de todo el mundo. En Guatemala, despu\u00e9s de la colonizaci\u00f3n de los espa\u00f1oles en el XVI siglo, las poblaciones ind\u00edgenas tuvieron siempre menor acceso a la tierra y las mujeres, en particular, fueron de las poblaciones m\u00e1s afectadas.\u00a0<\/span><\/p>\n<p><span style=\"font-weight: 400;\">Irene Vel\u00e1squez, encargada de G\u00e9nero y Equidad en el Instituto Nacional de Bosques (INAB), dice al respecto de esta situaci\u00f3n: \u201c<\/span><i><span style=\"font-weight: 400;\">Las mujeres siguen presentando una brecha de acceso a la tierra, debido a que el sistema patriarcal y su pensamiento enraizado desde la \u00e9poca de la colonia no permite que las mujeres, <\/span><\/i><b><i>por el hecho de ser mujeres<\/i><\/b><i><span style=\"font-weight: 400;\"> puedan manejar la tierra\u201d<\/span><\/i><span style=\"font-weight: 400;\">. Sin embargo, cuando ellas tuvieron la posibilidad de tener acceso a la tierra, demostraron que pod\u00edan participar con ideas creativas en la toma de decisiones en el uso y manejo de los recursos naturales. La participaci\u00f3n de mujeres ha demostrado siempre una ventaja para las comunidades y para el desarrollo del pa\u00eds. <\/span><span style=\"font-weight: 400;\">Seg\u00fan datos del Fondo de Tierras, instituci\u00f3n descentralizada del Estado que tiene entre sus objetivos promover <\/span><span style=\"font-weight: 400;\">la inclusi\u00f3n formal de las mujeres como propietarias de tierras<\/span><span style=\"font-weight: 400;\">, durante el per\u00edodo de 1998 a 2014, se ha beneficiado a 2,225 mujeres (10.7%) y 18,438 (89.3%) hombres con incentivos estatales, lo que refleja la asimetr\u00eda en el otorgamiento de cr\u00e9ditos para la compra de fincas por medio del mercado de tierras, teniendo a\u00fan poco impacto en beneficio de las mujeres.<\/span><\/p>\n<p><span style=\"font-weight: 400;\">Instituciones de gobierno como el Instituto nacional de Bosques INAB, a\u00fan no tienen competencia directa en el problema agrario y en la distribuci\u00f3n de la tierra. A trav\u00e9s del <\/span><span style=\"font-weight: 400;\">Programa de Incentivos para Peque\u00f1os Poseedores de tierras de vocaci\u00f3n forestal o agroforestal\u00a0(PINPEP) se promueve que las mujeres tengan acceso a la administraci\u00f3n de los recursos forestales. Irene Vel\u00e1squez explica: \u201c<\/span><i><span style=\"font-weight: 400;\">Una de las acciones positivas para promover la participaci\u00f3n de las mujeres en el acceso a incentivos forestales, ha sido la implementaci\u00f3n del PINPEP, el cual establece que se debe fomentar y priorizar la participaci\u00f3n de grupos de mujeres; esto ha permitido que las mujeres se vean implicadas en el manejo de los recursos forestales<\/span><\/i><span style=\"font-weight: 400;\">\u201d. <\/span><span style=\"font-weight: 400;\">El Programa de Incentivos Forestales (PINFOR) ten\u00eda hasta el 2006 un porcentaje de participaci\u00f3n de mujeres en el sector forestal del 15%, extremadamente baja si se compara con el 25% de proyectos colectivos y, sobre todo, al 60% de proyectos liderados por hombres. Ella contin\u00faa: \u201c<\/span><i><span style=\"font-weight: 400;\">A partir del 2007 la participaci\u00f3n de las mujeres increment\u00f3, llegando a alcanzar el 36% de mujeres que son beneficiarias directas del PINPEP<\/span><\/i><span style=\"font-weight: 400;\">\u201d. En particular, una de las experiencias m\u00e1s notables y exitosas en este \u00e1mbito fue la incentivaci\u00f3n, la asistencia y la capacitaci\u00f3n de 288 mujeres organizadas en el 2015 en San Miguel Sig\u00fcill\u00e1 dentro de un proyecto comunitario, proyecto que a\u00fan sigue dando buenos resultados para ellas. Esta experiencia gan\u00f3 el Premio Forestal en la Categor\u00eda de Proyectos Energ\u00e9ticos en el 2017. <\/span><span style=\"font-weight: 400;\">Al mismo tiempo, el Consejo Nacional de \u00c1reas Protegidas (CONAP) est\u00e1 promoviendo la incorporaci\u00f3n del <\/span><span style=\"font-weight: 400;\">enfoque de g\u00e9nero en los instrumentos que rigen las actividades del Consejo, por ejemplo \u201c<\/span><i><span style=\"font-weight: 400;\">en los lineamientos t\u00e9cnicos para la elaboraci\u00f3n de planes maestros que es el documento matriz para dise\u00f1ar programas y proyectos que benefician a hombres y mujeres<\/span><\/i><span style=\"font-weight: 400;\">\u201d, menciona Marina Leticia L\u00f3pez, encargada de la unidad de g\u00e9nero del CONAP.<a href=\"https:\/\/i0.wp.com\/www.entremundos.org\/revista\/wp-content\/uploads\/2021\/09\/11.jpg?ssl=1\"><img data-recalc-dims=\"1\" loading=\"lazy\" decoding=\"async\" class=\"aligncenter size-large wp-image-9116\" src=\"https:\/\/i0.wp.com\/www.entremundos.org\/revista\/wp-content\/uploads\/2021\/09\/11.jpg?resize=640%2C480&#038;ssl=1\" alt=\"\" width=\"640\" height=\"480\" srcset=\"https:\/\/i0.wp.com\/www.entremundos.org\/revista\/wp-content\/uploads\/2021\/09\/11.jpg?resize=1024%2C768&amp;ssl=1 1024w, https:\/\/i0.wp.com\/www.entremundos.org\/revista\/wp-content\/uploads\/2021\/09\/11.jpg?resize=300%2C225&amp;ssl=1 300w, https:\/\/i0.wp.com\/www.entremundos.org\/revista\/wp-content\/uploads\/2021\/09\/11.jpg?resize=768%2C576&amp;ssl=1 768w, https:\/\/i0.wp.com\/www.entremundos.org\/revista\/wp-content\/uploads\/2021\/09\/11.jpg?resize=1536%2C1152&amp;ssl=1 1536w, https:\/\/i0.wp.com\/www.entremundos.org\/revista\/wp-content\/uploads\/2021\/09\/11.jpg?resize=72%2C54&amp;ssl=1 72w, https:\/\/i0.wp.com\/www.entremundos.org\/revista\/wp-content\/uploads\/2021\/09\/11.jpg?resize=335%2C251&amp;ssl=1 335w, https:\/\/i0.wp.com\/www.entremundos.org\/revista\/wp-content\/uploads\/2021\/09\/11.jpg?resize=1050%2C788&amp;ssl=1 1050w, https:\/\/i0.wp.com\/www.entremundos.org\/revista\/wp-content\/uploads\/2021\/09\/11.jpg?w=2048&amp;ssl=1 2048w, https:\/\/i0.wp.com\/www.entremundos.org\/revista\/wp-content\/uploads\/2021\/09\/11.jpg?w=1280&amp;ssl=1 1280w, https:\/\/i0.wp.com\/www.entremundos.org\/revista\/wp-content\/uploads\/2021\/09\/11.jpg?w=1920&amp;ssl=1 1920w\" sizes=\"auto, (max-width: 640px) 100vw, 640px\" \/><\/a><\/span><\/p>\n<p><span style=\"font-weight: 400;\">Existen otras iniciativas exitosas que demuestran la voluntad en algunas instituciones de gobierno para apoyar esfuerzos para mejorar la participaci\u00f3n de las mujeres en los diferentes sectores de uso de la tierra. <\/span><span style=\"font-weight: 400;\">La informaci\u00f3n generada por INAB u otras instituciones sobre la tenencia de la tierra, (en parte gracias a los esfuerzos de personas como Irene, Marina y de sus colegas en las instituciones de gobierno), est\u00e1 desagregada por g\u00e9nero y se pueden localizar as\u00ed y de forma m\u00e1s f\u00e1cil los problemas conectados a la desigualdad de g\u00e9nero. Gracias a este tipo de informaci\u00f3n, las instituciones del pa\u00eds pueden elaborar metas concretas para mejorar la situaci\u00f3n en sus planes estrat\u00e9gicos. Esto est\u00e1 siendo implementado, precisamente gracias a este tipo de informaci\u00f3n en la actualizaci\u00f3n de las Contribuciones Determinadas a nivel Nacional (NDC, por sus siglas en ingl\u00e9s), un compromiso de pa\u00eds en frente a la comunidad internacional que representa la actualizaci\u00f3n de los acuerdos de Par\u00eds del 2015. Con el apoyo del Programa de las Naciones Unidas para el Desarrollo (PNUD), la Agencia alemana para la Cooperaci\u00f3n Internacional (GIZ) y el Banco Interamericano de Desarrollo (BID), el Ministerio de Ambiente y Recursos Naturales (MARN) est\u00e1 liderando la elaboraci\u00f3n de una nueva pol\u00edtica ambiental nacional en tema de adaptaci\u00f3n y mitigaci\u00f3n al cambio clim\u00e1tico que tome en cuenta consideraciones de g\u00e9nero y de pueblos ind\u00edgena. Irene y Marina, junto a sus colegas en las instituciones fue involucrada en el proceso de elaboraci\u00f3n de metas, brindando insumos fundamentales para explicitar estas consideraciones que ser\u00e1n presentadas por Guatemala en la pr\u00f3xima COP26 a Glasgow.<\/span><\/p>\n<p><span style=\"font-weight: 400;\">Sin embargo, la situaci\u00f3n sigue dif\u00edcil en el pa\u00eds. Incentivos como PINPEP no pueden contar con certeza jur\u00eddica y sin ella \u201c<\/span><i><span style=\"font-weight: 400;\">no se puede avanzar en la recuperaci\u00f3n de masa boscosa. Muchas veces los presupuestos <\/span><\/i><span style=\"font-weight: 400;\">[de las instituciones]<\/span><i><span style=\"font-weight: 400;\"> no alcanzan y hay falta de personal de campo para mejorar las intervenciones. Considero que cualquier instrumento de pol\u00edtica p\u00fablica deber\u00eda de ser actualizado cada cierto tiempo para ir cubriendo los vac\u00edos encontrados y mejorar la situaci\u00f3n<\/span><\/i><span style=\"font-weight: 400;\">\u201d afirma Irene Vel\u00e1squez. Marina Leticia L\u00f3pez de CONAP se une con sus preocupaciones: \u201c<\/span><i><span style=\"font-weight: 400;\">Este a\u00f1o en particular se vieron amenazas para el futuro de las mujeres: el gobierno actual en su nuevo gabinete no prioriz\u00f3 la contracci\u00f3n de mujeres en puestos claves. Adem\u00e1s, por m\u00e1s de un a\u00f1o no se nombr\u00f3 a la Secretar\u00eda Presidencial de la Mujer (SEPREM) que es el ente rector de una Pol\u00edtica Publica que promueve el desarrollo integral de la mujer y un plan de equidad de oportunidades<\/span><\/i><span style=\"font-weight: 400;\">\u201d. Se rumora que la SEPREM podr\u00eda incluso ser cerrada y esto tuvo repercusiones en algunas instituciones del Estado, que dejaron al margen a varias unidades de g\u00e9nero del ejecutivo. El cambio clim\u00e1tico, adem\u00e1s, es una amenaza terrible particularmente para grupos vulnerables como las mujeres, que no tienen acceso al manejo ni a la distribuci\u00f3n de los recursos. En particular esta amenaza afecta las mujeres ind\u00edgenas que ven amenazadas las fuentes tradicionales para la adquisici\u00f3n de comida, medicina y agua.<\/span><\/p>\n<p><span style=\"font-weight: 400;\">El futuro del rol de las mujeres en el sector forestal y en uso de la tierra depende de la resoluci\u00f3n de la problem\u00e1tica agraria y de la renovaci\u00f3n de sistemas como PINPEP. La redistribuci\u00f3n de la tierra (en particular entre los Pueblos Ind\u00edgenas, due\u00f1os y due\u00f1as ancestrales de la tierra) y de los recursos es vital para garantizar la disminuci\u00f3n de la vulnerabilidad y para garantizar la equidad en el uso de estos recursos.<\/span><\/p>\n<p><em>Foto de portada por Katheleen Hertle<\/em><\/p>\n","protected":false},"excerpt":{"rendered":"<p>Por Fabio Cresto Ale\u00edna \u201cLa tierra no es s\u00f3lo el pedazo donde vivimos y sembramos. La tierra es nuestra madre porque nos da de comer, nos da todo lo que necesitamos como el agua que cae del cielo y se guarda en ella; hace crecer los \u00e1rboles y por eso tenemos aire. [\u2026] nosotros como [&hellip;]<\/p>\n","protected":false},"author":1,"featured_media":9114,"comment_status":"closed","ping_status":"closed","sticky":false,"template":"","format":"standard","meta":{"_exactmetrics_skip_tracking":false,"_exactmetrics_sitenote_active":false,"_exactmetrics_sitenote_note":"","_exactmetrics_sitenote_category":0,"jetpack_post_was_ever_published":false,"_jetpack_newsletter_access":"","_jetpack_dont_email_post_to_subs":false,"_jetpack_newsletter_tier_id":0,"_jetpack_memberships_contains_paywalled_content":false,"_jetpack_memberships_contains_paid_content":false,"footnotes":""},"categories":[380,386,1772],"tags":[3272,3271,3269,3286,3270],"class_list":["post-9113","post","type-post","status-publish","format-standard","has-post-thumbnail","hentry","category-economia","category-mujer","category-situacion-social","tag-mujeres-y-acceso-a-la-tierra","tag-mujeres-y-el-manejo-de-la-tierra","tag-mujeres-y-el-sector-forestal","tag-mujeres-y-tierra-guatemala","tag-tenencia-de-la-tierra-guatemala"],"jetpack_featured_media_url":"https:\/\/i0.wp.com\/www.entremundos.org\/revista\/wp-content\/uploads\/2021\/09\/10-foto-katheleen-hertle-scaled.jpg?fit=2560%2C1709&ssl=1","jetpack_shortlink":"https:\/\/wp.me\/p7ljt7-2mZ","jetpack-related-posts":[{"id":12859,"url":"https:\/\/www.entremundos.org\/revista\/politica\/mujeres-indigenas-y-rurales-en-defensa-del-territorio-frente-al-extractivismo-en-guatemala\/","url_meta":{"origin":9113,"position":0},"title":"Mujeres ind\u00edgenas y rurales en defensa del territorio frente al extractivismo en Guatemala","author":"EntreMundos","date":"21 mayo, 2025","format":false,"excerpt":"Por Asociadas Por lo Justo (JASS) Este es un resumen de un mapeo realizado por JASS, para compartir sus an\u00e1lisis, sus luchas y los impactos en sus vidas. El objetivo es contar las luchas por el territorio frente al extractivismo en Guatemala e identificar el papel y el impacto en\u2026","rel":"","context":"En \u00abFrontPage\u00bb","block_context":{"text":"FrontPage","link":"https:\/\/www.entremundos.org\/revista\/category\/frontpage\/"},"img":{"alt_text":"","src":"https:\/\/i0.wp.com\/www.entremundos.org\/revista\/wp-content\/uploads\/2025\/05\/2-scaled.png?fit=1200%2C843&ssl=1&resize=350%2C200","width":350,"height":200,"srcset":"https:\/\/i0.wp.com\/www.entremundos.org\/revista\/wp-content\/uploads\/2025\/05\/2-scaled.png?fit=1200%2C843&ssl=1&resize=350%2C200 1x, https:\/\/i0.wp.com\/www.entremundos.org\/revista\/wp-content\/uploads\/2025\/05\/2-scaled.png?fit=1200%2C843&ssl=1&resize=525%2C300 1.5x, https:\/\/i0.wp.com\/www.entremundos.org\/revista\/wp-content\/uploads\/2025\/05\/2-scaled.png?fit=1200%2C843&ssl=1&resize=700%2C400 2x, https:\/\/i0.wp.com\/www.entremundos.org\/revista\/wp-content\/uploads\/2025\/05\/2-scaled.png?fit=1200%2C843&ssl=1&resize=1050%2C600 3x"},"classes":[]},{"id":11847,"url":"https:\/\/www.entremundos.org\/revista\/politica\/cuando-la-tierra-se-movio\/","url_meta":{"origin":9113,"position":1},"title":"Cuando la tierra se movi\u00f3","author":"EntreMundos","date":"26 marzo, 2024","format":false,"excerpt":"POR CECILIA REED Estaba profundamente dormida, unos minutos despu\u00e9s de la medianoche; cuando de repente, \u00a1mi cuerpo entr\u00f3 en modo de p\u00e1nico y me despert\u00e9! Mi cama se balanceaba vigorosamente de izquierda a derecha, y las paredes a mi alrededor se balanceaban en direcci\u00f3n opuesta a un ritmo similar. Nunca\u2026","rel":"","context":"En \u00abAccion Comunitaria\u00bb","block_context":{"text":"Accion Comunitaria","link":"https:\/\/www.entremundos.org\/revista\/category\/politica\/accion-comunitaria-3\/"},"img":{"alt_text":"","src":"https:\/\/i0.wp.com\/www.entremundos.org\/revista\/wp-content\/uploads\/2024\/03\/20240124_080747-scaled.jpg?fit=1200%2C900&ssl=1&resize=350%2C200","width":350,"height":200,"srcset":"https:\/\/i0.wp.com\/www.entremundos.org\/revista\/wp-content\/uploads\/2024\/03\/20240124_080747-scaled.jpg?fit=1200%2C900&ssl=1&resize=350%2C200 1x, https:\/\/i0.wp.com\/www.entremundos.org\/revista\/wp-content\/uploads\/2024\/03\/20240124_080747-scaled.jpg?fit=1200%2C900&ssl=1&resize=525%2C300 1.5x, https:\/\/i0.wp.com\/www.entremundos.org\/revista\/wp-content\/uploads\/2024\/03\/20240124_080747-scaled.jpg?fit=1200%2C900&ssl=1&resize=700%2C400 2x, https:\/\/i0.wp.com\/www.entremundos.org\/revista\/wp-content\/uploads\/2024\/03\/20240124_080747-scaled.jpg?fit=1200%2C900&ssl=1&resize=1050%2C600 3x"},"classes":[]},{"id":11617,"url":"https:\/\/www.entremundos.org\/revista\/mujer\/la-cultura-es-lo-que-en-la-muerte-continua-siendo-la-vida\/","url_meta":{"origin":9113,"position":2},"title":"\u201cLa Cultura es lo que, en la muerte, contin\u00faa siendo la vida\u201d","author":"EntreMundos","date":"19 enero, 2024","format":false,"excerpt":"POR PATRICIA MIRALB\u00c9S \u00bfTe has preguntado alguna vez por qu\u00e9 un grupo social se comporta de cierta manera? \u00bfDe d\u00f3nde vienen las creencias que te inculcan desde peque\u00f1o? Todo esto tiene que ver con la cultura del lugar en donde vivimos. La cultura es la base de la construcci\u00f3n de\u2026","rel":"","context":"En \u00abCultura\u00bb","block_context":{"text":"Cultura","link":"https:\/\/www.entremundos.org\/revista\/category\/cultura\/"},"img":{"alt_text":"","src":"https:\/\/i0.wp.com\/www.entremundos.org\/revista\/wp-content\/uploads\/2024\/01\/whatsapp-image-2023-12-13-at-6.59.10-pm-1.jpeg?fit=1200%2C800&ssl=1&resize=350%2C200","width":350,"height":200,"srcset":"https:\/\/i0.wp.com\/www.entremundos.org\/revista\/wp-content\/uploads\/2024\/01\/whatsapp-image-2023-12-13-at-6.59.10-pm-1.jpeg?fit=1200%2C800&ssl=1&resize=350%2C200 1x, https:\/\/i0.wp.com\/www.entremundos.org\/revista\/wp-content\/uploads\/2024\/01\/whatsapp-image-2023-12-13-at-6.59.10-pm-1.jpeg?fit=1200%2C800&ssl=1&resize=525%2C300 1.5x, https:\/\/i0.wp.com\/www.entremundos.org\/revista\/wp-content\/uploads\/2024\/01\/whatsapp-image-2023-12-13-at-6.59.10-pm-1.jpeg?fit=1200%2C800&ssl=1&resize=700%2C400 2x, https:\/\/i0.wp.com\/www.entremundos.org\/revista\/wp-content\/uploads\/2024\/01\/whatsapp-image-2023-12-13-at-6.59.10-pm-1.jpeg?fit=1200%2C800&ssl=1&resize=1050%2C600 3x"},"classes":[]},{"id":12488,"url":"https:\/\/www.entremundos.org\/revista\/politica\/de-la-lucha-a-la-agricultura-en-las-montanas-de-guatemala\/","url_meta":{"origin":9113,"position":3},"title":"De la lucha a la agricultura en las monta\u00f1as de Guatemala","author":"EntreMundos","date":"13 noviembre, 2024","format":false,"excerpt":"POR JONATHAN LOTT A la sombra de las monta\u00f1as selv\u00e1ticas de Guatemala, anta\u00f1o cargadas del espectro del conflicto, el olor del caf\u00e9 flota en el aire. Una generaci\u00f3n despu\u00e9s del hist\u00f3rico acuerdo de paz que puso fin a la guerra civil guatemalteca (1960-1996), decenas de exguerrilleros trabajan ahora la tierra\u2026","rel":"","context":"En \u00abFrontPage\u00bb","block_context":{"text":"FrontPage","link":"https:\/\/www.entremundos.org\/revista\/category\/frontpage\/"},"img":{"alt_text":"","src":"https:\/\/i0.wp.com\/www.entremundos.org\/revista\/wp-content\/uploads\/2024\/11\/anita2-e1731543808410.jpg?fit=910%2C671&ssl=1&resize=350%2C200","width":350,"height":200,"srcset":"https:\/\/i0.wp.com\/www.entremundos.org\/revista\/wp-content\/uploads\/2024\/11\/anita2-e1731543808410.jpg?fit=910%2C671&ssl=1&resize=350%2C200 1x, https:\/\/i0.wp.com\/www.entremundos.org\/revista\/wp-content\/uploads\/2024\/11\/anita2-e1731543808410.jpg?fit=910%2C671&ssl=1&resize=525%2C300 1.5x, https:\/\/i0.wp.com\/www.entremundos.org\/revista\/wp-content\/uploads\/2024\/11\/anita2-e1731543808410.jpg?fit=910%2C671&ssl=1&resize=700%2C400 2x"},"classes":[]},{"id":12980,"url":"https:\/\/www.entremundos.org\/revista\/mujer\/el-otro-lado-del-viaje-sonado-detras-de-un-espacio-internacional\/","url_meta":{"origin":9113,"position":4},"title":"El otro lado del viaje so\u00f1ado; detr\u00e1s de un espacio internacional","author":"EntreMundos","date":"23 julio, 2025","format":false,"excerpt":"Por Adela Tuy Cuando la gente escucha \u2018Conferencias Internacionales\u2019 piensa en edificios lujosos, gente hablando en ingl\u00e9s, muchas fotos formales y muchos discursos bonitos; tambi\u00e9n en lo elegante de participar en una conferencia y ponerlo en tu curr\u00edculum vitae. Sin embargo, nadie les cuenta sobre lo que hay detr\u00e1s de\u2026","rel":"","context":"En \u00abCine\u00bb","block_context":{"text":"Cine","link":"https:\/\/www.entremundos.org\/revista\/category\/cine\/"},"img":{"alt_text":"","src":"https:\/\/i0.wp.com\/www.entremundos.org\/revista\/wp-content\/uploads\/2025\/07\/20241121_092407-143c-1.jpg?fit=1200%2C800&ssl=1&resize=350%2C200","width":350,"height":200,"srcset":"https:\/\/i0.wp.com\/www.entremundos.org\/revista\/wp-content\/uploads\/2025\/07\/20241121_092407-143c-1.jpg?fit=1200%2C800&ssl=1&resize=350%2C200 1x, https:\/\/i0.wp.com\/www.entremundos.org\/revista\/wp-content\/uploads\/2025\/07\/20241121_092407-143c-1.jpg?fit=1200%2C800&ssl=1&resize=525%2C300 1.5x, https:\/\/i0.wp.com\/www.entremundos.org\/revista\/wp-content\/uploads\/2025\/07\/20241121_092407-143c-1.jpg?fit=1200%2C800&ssl=1&resize=700%2C400 2x, https:\/\/i0.wp.com\/www.entremundos.org\/revista\/wp-content\/uploads\/2025\/07\/20241121_092407-143c-1.jpg?fit=1200%2C800&ssl=1&resize=1050%2C600 3x"},"classes":[]},{"id":10580,"url":"https:\/\/www.entremundos.org\/revista\/politica\/desalojos-aumentan-durante-el-gobierno-de-alejandro-giammattei\/","url_meta":{"origin":9113,"position":5},"title":"Desalojos aumentan durante el gobierno de Alejandro Giammattei","author":"EntreMundos","date":"8 marzo, 2023","format":false,"excerpt":"Por Gilberto Escobar\u00a0 En Guatemala, durante los \u00faltimos a\u00f1os, los desalojos han ido en aumento y se han dado en dos modalidades: los desalojos legales que tienen una orden judicial y los extrajudiciales, los que\u00a0 no van acompa\u00f1ados de ninguna orden de un juez y que ocurren\u00a0 en horas de\u2026","rel":"","context":"En \u00abBosques\u00bb","block_context":{"text":"Bosques","link":"https:\/\/www.entremundos.org\/revista\/category\/medio-ambiente\/bosques\/"},"img":{"alt_text":"","src":"https:\/\/i0.wp.com\/www.entremundos.org\/revista\/wp-content\/uploads\/2023\/03\/portada.jpg?fit=1024%2C768&ssl=1&resize=350%2C200","width":350,"height":200,"srcset":"https:\/\/i0.wp.com\/www.entremundos.org\/revista\/wp-content\/uploads\/2023\/03\/portada.jpg?fit=1024%2C768&ssl=1&resize=350%2C200 1x, https:\/\/i0.wp.com\/www.entremundos.org\/revista\/wp-content\/uploads\/2023\/03\/portada.jpg?fit=1024%2C768&ssl=1&resize=525%2C300 1.5x, https:\/\/i0.wp.com\/www.entremundos.org\/revista\/wp-content\/uploads\/2023\/03\/portada.jpg?fit=1024%2C768&ssl=1&resize=700%2C400 2x"},"classes":[]}],"jetpack_sharing_enabled":true,"_links":{"self":[{"href":"https:\/\/www.entremundos.org\/revista\/wp-json\/wp\/v2\/posts\/9113","targetHints":{"allow":["GET"]}}],"collection":[{"href":"https:\/\/www.entremundos.org\/revista\/wp-json\/wp\/v2\/posts"}],"about":[{"href":"https:\/\/www.entremundos.org\/revista\/wp-json\/wp\/v2\/types\/post"}],"author":[{"embeddable":true,"href":"https:\/\/www.entremundos.org\/revista\/wp-json\/wp\/v2\/users\/1"}],"replies":[{"embeddable":true,"href":"https:\/\/www.entremundos.org\/revista\/wp-json\/wp\/v2\/comments?post=9113"}],"version-history":[{"count":4,"href":"https:\/\/www.entremundos.org\/revista\/wp-json\/wp\/v2\/posts\/9113\/revisions"}],"predecessor-version":[{"id":9133,"href":"https:\/\/www.entremundos.org\/revista\/wp-json\/wp\/v2\/posts\/9113\/revisions\/9133"}],"wp:featuredmedia":[{"embeddable":true,"href":"https:\/\/www.entremundos.org\/revista\/wp-json\/wp\/v2\/media\/9114"}],"wp:attachment":[{"href":"https:\/\/www.entremundos.org\/revista\/wp-json\/wp\/v2\/media?parent=9113"}],"wp:term":[{"taxonomy":"category","embeddable":true,"href":"https:\/\/www.entremundos.org\/revista\/wp-json\/wp\/v2\/categories?post=9113"},{"taxonomy":"post_tag","embeddable":true,"href":"https:\/\/www.entremundos.org\/revista\/wp-json\/wp\/v2\/tags?post=9113"}],"curies":[{"name":"wp","href":"https:\/\/api.w.org\/{rel}","templated":true}]}}