{"id":9259,"date":"2021-10-31T11:25:21","date_gmt":"2021-10-31T19:25:21","guid":{"rendered":"https:\/\/www.entremundos.org\/revista\/?p=9259"},"modified":"2021-11-10T17:10:46","modified_gmt":"2021-11-11T01:10:46","slug":"tejedoras-de-la-resistencia-artesanal-oaxaquena-frente-al-covid-19","status":"publish","type":"post","link":"https:\/\/www.entremundos.org\/revista\/economia\/tejedoras-de-la-resistencia-artesanal-oaxaquena-frente-al-covid-19\/","title":{"rendered":"Tejedoras de la resistencia artesanal oaxaque\u00f1a frente al Covid-19"},"content":{"rendered":"<p><strong>By Bety Piche (Zapoteca)<\/strong><\/p>\n<p>En el estado de Oaxaca, \u201cla tierra donde Dios nunca muere\u201d, como le nombran sus habitantes, es el lugar donde nace y se mantiene la mayor diversidad cultural y ling\u00fc\u00edstica del pa\u00eds, as\u00ed como tambi\u00e9n ha sido un lugar en el que las artesanas se vieron afectadas fuertemente de manera econ\u00f3mica al cerrar completamente sus negocios en el centro hist\u00f3rico de la capital, debido a la crisis de la pandemia del Covid-19.<\/p>\n<p>A partir de marzo de 2020, las autoridades oaxaque\u00f1as decretaron el cierre de establecimientos, \u00a0escuelas, locales, negocios, entre otros, sin garantizar a la poblaci\u00f3n los servicios b\u00e1sicos para la subsistencia. En el caso de las artesanas, \u00e9stas se vieron obligadas a suspender actividades y retomarlas en julio, ante la necesidad y nula respuesta del Estado.<\/p>\n<p>&nbsp;<\/p>\n<p><img data-recalc-dims=\"1\" decoding=\"async\" class=\"align-center\" src=\"https:\/\/i0.wp.com\/www.culturalsurvival.org\/sites\/default\/files\/inline-images\/2_2.jpeg?w=640&#038;ssl=1\" alt=\"Oaxaca\" data-entity-type=\"file\" data-entity-uuid=\"0e30f22b-44d6-44f4-9845-e1d75317c4f8\" \/><\/p>\n<p>La ruta principal y tur\u00edstica de la capital del estado oaxaque\u00f1o, comienza desde el Z\u00f3calo, pasando por el andador tur\u00edstico \u201cMacedonio Alcal\u00e1\u201d, \u00a0y finalizando en el templo de Santo Domingo de Guzm\u00e1n, en el que las artesanas y locatarios se han reintegrado en un 60% desde julio del a\u00f1o pasado.<\/p>\n<p>&nbsp;<\/p>\n<p><img data-recalc-dims=\"1\" decoding=\"async\" src=\"https:\/\/i0.wp.com\/www.culturalsurvival.org\/sites\/default\/files\/inline-images\/3_0.jpeg?w=640&#038;ssl=1\" alt=\"Oaxaca\" data-entity-type=\"file\" data-entity-uuid=\"613ff9a8-a9d3-4206-8645-b2c9e71ba21d\" \/><\/p>\n<p>Aunque las artesanas se han ido integrando a sus puntos de trabajo y existe una crisis de desabastecimiento por falta de materias primas que \u00a0necesitan para elaborar sus artesan\u00edas, \u00a0ellas refuerzan su creatividad y dise\u00f1an piezas \u00fanicas y originales.<\/p>\n<p><img data-recalc-dims=\"1\" decoding=\"async\" src=\"https:\/\/i0.wp.com\/www.culturalsurvival.org\/sites\/default\/files\/inline-images\/4_0.jpeg?w=640&#038;ssl=1\" alt=\"Oaxaca\" data-entity-type=\"file\" data-entity-uuid=\"fb289643-5b15-410c-8e9a-c9d10ddde8ed\" \/><\/p>\n<p>En el andador tur\u00edstico, una mujer migrante, proveniente del estado de Guerrero, hablante n\u00e1huatl, dise\u00f1a sombreros, elaborados con ixtle (que es el nombre gen\u00e9rico de todas las fibras vegetales que se emplean para fabricar tejidos o cuerdas). Para ella, uno de los motivos de su estad\u00eda por Oaxaca es la oferta econ\u00f3mica que se obtiene de los y las turistas.<\/p>\n<p><img data-recalc-dims=\"1\" decoding=\"async\" src=\"https:\/\/i0.wp.com\/www.culturalsurvival.org\/sites\/default\/files\/inline-images\/5_2.jpeg?w=640&#038;ssl=1\" alt=\"Oaxaca\" data-entity-type=\"file\" data-entity-uuid=\"0c257f5e-b567-48bd-a234-8e85506142b8\" \/><\/p>\n<p>Una mujer artesana trabaja con sus manos en la elaboraci\u00f3n de un sombrero hecho con bejuco, el cual es una planta trepadora que se da en climas c\u00e1lidos y templados, crece cerca de r\u00edos y arroyos. Adem\u00e1s, los y las artesanas, ocupan los tallos de esta planta trepadora, para la elaboraci\u00f3n de tejidos de cester\u00eda.<\/p>\n<p><img data-recalc-dims=\"1\" decoding=\"async\" src=\"https:\/\/i0.wp.com\/www.culturalsurvival.org\/sites\/default\/files\/inline-images\/6_0.jpeg?w=640&#038;ssl=1\" alt=\"Oaxaca\" data-entity-type=\"file\" data-entity-uuid=\"f894a400-39af-401c-9ad6-415d7c9e09eb\" \/><\/p>\n<p>De igual manera, las artesanas pintan, decoran, bordan y tejen como actividades de resistencia. Para muchas de ellas, estos espacios les permiten sacar provecho, otras lo ven como un segundo trabajo. Para otras, es una actividad que refuerza su conocimiento ancestral.<br \/>\n<img data-recalc-dims=\"1\" decoding=\"async\" src=\"https:\/\/i0.wp.com\/www.culturalsurvival.org\/sites\/default\/files\/inline-images\/7_2.jpeg?w=640&#038;ssl=1\" alt=\"Oaxaca\" data-entity-type=\"file\" data-entity-uuid=\"ea63877e-6a5c-4de3-9d29-8509d3b55fe4\" \/><\/p>\n<p>El talento de cada artista se ve reflejado en cada uno de los locales, donde se aprecia la oferta y la diversidad de prendas que los pueblos del estado ofrecen a sus visitantes. As\u00ed, en muchos de los establecimientos podemos llegar a encontrar reunidas a las 8 regiones que conforman el estado: Ca\u00f1ada, Costa, Istmo, Mixteca, Papaloapan, Sierra Sur, Sierra Norte y Valles Centrales.<\/p>\n<p><img data-recalc-dims=\"1\" decoding=\"async\" src=\"https:\/\/i0.wp.com\/www.culturalsurvival.org\/sites\/default\/files\/inline-images\/8_0.jpeg?w=640&#038;ssl=1\" alt=\"Oaxaca\" data-entity-type=\"file\" data-entity-uuid=\"0e96df3e-7639-4df4-af59-b8a43fb22c60\" \/><\/p>\n<p>Dentro de la creatividad de las artesanas encontramos la transformaci\u00f3n de los rebozos en blusas, gabanes, vestidos, chalecos, shorts y dem\u00e1s prendas que tambi\u00e9n tejen las mujeres y salen a relucir entre los y las visitantes.<\/p>\n<p><img data-recalc-dims=\"1\" decoding=\"async\" src=\"https:\/\/i0.wp.com\/www.culturalsurvival.org\/sites\/default\/files\/inline-images\/9_0.jpeg?w=640&#038;ssl=1\" alt=\"Oaxaca\" data-entity-type=\"file\" data-entity-uuid=\"cb065543-9b07-4646-bf12-1c73c60c161c\" \/><\/p>\n<p>De igual manera, se puede disfrutar de un espacio dedicado a la cester\u00eda, en el que se trabaja con la palma y el bejuco para la elaboraci\u00f3n en decoraciones de mesa, alcanc\u00edas, bolsas, sombreros y dem\u00e1s accesorios que las mujeres portan y que son provenientes de los pueblos de la regi\u00f3n mixteca.<br \/>\n<img data-recalc-dims=\"1\" decoding=\"async\" src=\"https:\/\/i0.wp.com\/www.culturalsurvival.org\/sites\/default\/files\/inline-images\/10_0.jpeg?w=640&#038;ssl=1\" alt=\"Oaxaca\" data-entity-type=\"file\" data-entity-uuid=\"9a4c8a7c-3377-412b-8dcc-677a9fc56953\" \/><\/p>\n<p>Los pueblos del estado, reflejan en su producci\u00f3n la eterna convivencia que hay entre ellos y la madre naturaleza, pues la vida cotidiana y los utensilios que se ocupan en las cocinas oaxaque\u00f1as son elaborados con el uso de madera. As\u00ed, encontramos en su lista a las cucharas, los molcajetes, platos y tablas para cortar, provenientes de los pueblos de la Costa Chica de Guerrero y Oaxaca.<\/p>\n<p><img data-recalc-dims=\"1\" decoding=\"async\" src=\"https:\/\/i0.wp.com\/www.culturalsurvival.org\/sites\/default\/files\/inline-images\/11_1.jpeg?w=640&#038;ssl=1\" alt=\"Oaxaca\" data-entity-type=\"file\" data-entity-uuid=\"c6f7aed2-c2e1-44c4-9389-a24268a1fa09\" \/><\/p>\n<p>La cultura Triqui tiene una peculiar forma de tejer los productos que ofrece a quienes llegan a sus locales. El uso de hilos de todos los colores y formas, hacen de sus tejidos algo m\u00e1s atractivo. Encontramos desde monederos, pinzas para cabello, cintillos, coronas y diademas, que adornan la cabellera de las mujeres y son a quienes la cultura Triqui deleita.<\/p>\n<p><img data-recalc-dims=\"1\" decoding=\"async\" src=\"https:\/\/i0.wp.com\/www.culturalsurvival.org\/sites\/default\/files\/inline-images\/12_0.jpeg?w=640&#038;ssl=1\" alt=\"Oaxaca\" data-entity-type=\"file\" data-entity-uuid=\"6469b265-5efa-4cb4-89cf-f3498c9aa220\" \/><\/p>\n<p>Claudia, es una mujer artesana, zapoteca, originaria de Miahuatl\u00e1n Oaxaca. Desde el mes de abril ha notado una mejora junto con sus compa\u00f1eras locatarias y ve esperanza tras la dif\u00edcil situaci\u00f3n pand\u00e9mica para el futuro, pues es el mes en que llegan m\u00e1s turistas por la temporada de vacaciones.<\/p>\n<p><img data-recalc-dims=\"1\" decoding=\"async\" src=\"https:\/\/i0.wp.com\/www.culturalsurvival.org\/sites\/default\/files\/inline-images\/13.jpeg?w=640&#038;ssl=1\" alt=\"Oaxaca\" data-entity-type=\"file\" data-entity-uuid=\"7b69b3f7-7e7c-450e-bca3-31a432d11765\" \/><\/p>\n<p>Estos meses pand\u00e9micos fueron decisivos y detonadores para muchos y muchas artesanas, pues la gran mayor\u00eda se vio obligada a dejar por completo esta labor y buscar segundos empleos para cubrir sus necesidades. El Estado mexicano sigue sin dar una respuesta tanto a este sector como a muchos otros que, en nuestra sociedad de igual forma, se vieron afectados, desde hace ya, m\u00e1s de un a\u00f1o.<\/p>\n<p>Otro porcentaje de artesanas y artesanos han vuelto a retomar su arduo compromiso con los visitantes y turistas. Mientras tanto, la esperanza de que esto vuelva a recuperar su econom\u00eda y la econom\u00eda del estado oaxaque\u00f1o, sigue latente en el coraz\u00f3n de la capital.<\/p>\n<p>&nbsp;<\/p>\n<p><em><strong>&#8211;Bety Piche (Zapoteca<\/strong>) vive en Oaxaca M\u00e9xico y es originaria de la Comunidad de Villa Hidalgo Yal\u00e1lag. Es parte de un colectivo de j\u00f3venes Ind\u00edgenas que pertenecen a diferentes Pueblos Ind\u00edgenas que han migrado a la ciudad de M\u00e9xico. Ella\u00a0particip\u00f3 en el proyecto:\u00a0<strong>\u201cCapacitando\u00a0mujeres Ind\u00edgenas para la defensa de sus derechos humanos\u201d,<\/strong>\u00a0una serie de talleres sobre comunicaci\u00f3n y derechos humanos realizados entre marzo y junio de 2021 por Cultural Survival y el Alumni Engagement Innovation Fund. Los temas de las capacitaciones incluyeron sanaci\u00f3n, informaci\u00f3n y documentaci\u00f3n de los derechos humanos individuales y colectivos. Se utilizaron diferentes medios para documentar y comunicar las violaciones de derechos humanos, incluyendo la escritura, la fotograf\u00eda, el video, la radio y las redes sociales. Este foto reportaje\u00a0es el resultado del proyecto\u00a0final de entrentamiento de Piche.<\/em><\/p>\n","protected":false},"excerpt":{"rendered":"<p>By Bety Piche (Zapoteca) En el estado de Oaxaca, \u201cla tierra donde Dios nunca muere\u201d, como le nombran sus habitantes, es el lugar donde nace y se mantiene la mayor diversidad cultural y ling\u00fc\u00edstica del pa\u00eds, as\u00ed como tambi\u00e9n ha sido un lugar en el que las artesanas se vieron afectadas fuertemente de manera econ\u00f3mica [&hellip;]<\/p>\n","protected":false},"author":1,"featured_media":9260,"comment_status":"closed","ping_status":"closed","sticky":false,"template":"","format":"standard","meta":{"_exactmetrics_skip_tracking":false,"_exactmetrics_sitenote_active":false,"_exactmetrics_sitenote_note":"","_exactmetrics_sitenote_category":0,"jetpack_post_was_ever_published":false,"_jetpack_newsletter_access":"","_jetpack_dont_email_post_to_subs":false,"_jetpack_newsletter_tier_id":0,"_jetpack_memberships_contains_paywalled_content":false,"_jetpack_memberships_contains_paid_content":false,"footnotes":""},"categories":[380,452,386,390,1772],"tags":[3359,3361,3364,2374,3363,3360,3362],"class_list":["post-9259","post","type-post","status-publish","format-standard","has-post-thumbnail","hentry","category-economia","category-frontpage","category-mujer","category-mundo","category-situacion-social","tag-artesanas-y-tejedoras-de-oaxaca","tag-conocimiento-ancestral","tag-cultura-triqui","tag-mexico-2","tag-region-mixteca","tag-tejidos-de-cesteria","tag-tejidos-regionales-de-oaxaca"],"jetpack_featured_media_url":"https:\/\/i0.wp.com\/www.entremundos.org\/revista\/wp-content\/uploads\/2021\/11\/1.jpeg?fit=1223%2C614&ssl=1","jetpack_shortlink":"https:\/\/wp.me\/p7ljt7-2pl","jetpack-related-posts":[{"id":13250,"url":"https:\/\/www.entremundos.org\/revista\/politica\/pymes-migracion-y-el-reto-de-la-informalidad-en-guatemala-una-economia-que-resiste-desde-abajo\/","url_meta":{"origin":9259,"position":0},"title":"PYMES, migraci\u00f3n y el reto de la informalidad en Guatemala: Una econom\u00eda que resiste desde abajo","author":"EntreMundos","date":"17 septiembre, 2025","format":false,"excerpt":"Por Alexander Castillo Este art\u00edculo analiza el papel crucial que juegan las Peque\u00f1as y Medianas Empresas (PYMES) y la migraci\u00f3n en la econom\u00eda guatemalteca. Con base en datos actuales, se resalta que m\u00e1s del 90\u202f% de las empresas del pa\u00eds son peque\u00f1as o medianas, y que las remesas representan cerca\u2026","rel":"","context":"En \u00abFrontPage\u00bb","block_context":{"text":"FrontPage","link":"https:\/\/www.entremundos.org\/revista\/category\/frontpage\/"},"img":{"alt_text":"","src":"","width":0,"height":0},"classes":[]},{"id":11407,"url":"https:\/\/www.entremundos.org\/revista\/politica\/del-papel-a-la-pantalla\/","url_meta":{"origin":9259,"position":1},"title":"Del papel a la pantalla","author":"EntreMundos","date":"10 noviembre, 2023","format":false,"excerpt":"POR EMMA G\u00d3MEZ Dos pa\u00edses golpeados por la corrupci\u00f3n, violaci\u00f3n de los derechos humanos, injusticias, persecuciones y despojos, por mencionar algunos de los males que tienen en com\u00fan Guatemala y El Salvador. El proyecto, Del Papel a la Pantalla, presenta dos propuestas visuales para reflexionar sobre la educaci\u00f3n sexual y\u2026","rel":"","context":"En \u00abAccion Comunitaria\u00bb","block_context":{"text":"Accion Comunitaria","link":"https:\/\/www.entremundos.org\/revista\/category\/politica\/accion-comunitaria-3\/"},"img":{"alt_text":"","src":"https:\/\/i0.wp.com\/www.entremundos.org\/revista\/wp-content\/uploads\/2023\/11\/whatsapp-image-2023-10-23-at-9.54.45-am-2.jpeg?fit=1200%2C800&ssl=1&resize=350%2C200","width":350,"height":200,"srcset":"https:\/\/i0.wp.com\/www.entremundos.org\/revista\/wp-content\/uploads\/2023\/11\/whatsapp-image-2023-10-23-at-9.54.45-am-2.jpeg?fit=1200%2C800&ssl=1&resize=350%2C200 1x, https:\/\/i0.wp.com\/www.entremundos.org\/revista\/wp-content\/uploads\/2023\/11\/whatsapp-image-2023-10-23-at-9.54.45-am-2.jpeg?fit=1200%2C800&ssl=1&resize=525%2C300 1.5x, https:\/\/i0.wp.com\/www.entremundos.org\/revista\/wp-content\/uploads\/2023\/11\/whatsapp-image-2023-10-23-at-9.54.45-am-2.jpeg?fit=1200%2C800&ssl=1&resize=700%2C400 2x, https:\/\/i0.wp.com\/www.entremundos.org\/revista\/wp-content\/uploads\/2023\/11\/whatsapp-image-2023-10-23-at-9.54.45-am-2.jpeg?fit=1200%2C800&ssl=1&resize=1050%2C600 3x"},"classes":[]},{"id":11617,"url":"https:\/\/www.entremundos.org\/revista\/mujer\/la-cultura-es-lo-que-en-la-muerte-continua-siendo-la-vida\/","url_meta":{"origin":9259,"position":2},"title":"\u201cLa Cultura es lo que, en la muerte, contin\u00faa siendo la vida\u201d","author":"EntreMundos","date":"19 enero, 2024","format":false,"excerpt":"POR PATRICIA MIRALB\u00c9S \u00bfTe has preguntado alguna vez por qu\u00e9 un grupo social se comporta de cierta manera? \u00bfDe d\u00f3nde vienen las creencias que te inculcan desde peque\u00f1o? Todo esto tiene que ver con la cultura del lugar en donde vivimos. La cultura es la base de la construcci\u00f3n de\u2026","rel":"","context":"En \u00abCultura\u00bb","block_context":{"text":"Cultura","link":"https:\/\/www.entremundos.org\/revista\/category\/cultura\/"},"img":{"alt_text":"","src":"https:\/\/i0.wp.com\/www.entremundos.org\/revista\/wp-content\/uploads\/2024\/01\/whatsapp-image-2023-12-13-at-6.59.10-pm-1.jpeg?fit=1200%2C800&ssl=1&resize=350%2C200","width":350,"height":200,"srcset":"https:\/\/i0.wp.com\/www.entremundos.org\/revista\/wp-content\/uploads\/2024\/01\/whatsapp-image-2023-12-13-at-6.59.10-pm-1.jpeg?fit=1200%2C800&ssl=1&resize=350%2C200 1x, https:\/\/i0.wp.com\/www.entremundos.org\/revista\/wp-content\/uploads\/2024\/01\/whatsapp-image-2023-12-13-at-6.59.10-pm-1.jpeg?fit=1200%2C800&ssl=1&resize=525%2C300 1.5x, https:\/\/i0.wp.com\/www.entremundos.org\/revista\/wp-content\/uploads\/2024\/01\/whatsapp-image-2023-12-13-at-6.59.10-pm-1.jpeg?fit=1200%2C800&ssl=1&resize=700%2C400 2x, https:\/\/i0.wp.com\/www.entremundos.org\/revista\/wp-content\/uploads\/2024\/01\/whatsapp-image-2023-12-13-at-6.59.10-pm-1.jpeg?fit=1200%2C800&ssl=1&resize=1050%2C600 3x"},"classes":[]},{"id":12859,"url":"https:\/\/www.entremundos.org\/revista\/politica\/mujeres-indigenas-y-rurales-en-defensa-del-territorio-frente-al-extractivismo-en-guatemala\/","url_meta":{"origin":9259,"position":3},"title":"Mujeres ind\u00edgenas y rurales en defensa del territorio frente al extractivismo en Guatemala","author":"EntreMundos","date":"21 mayo, 2025","format":false,"excerpt":"Por Asociadas Por lo Justo (JASS) Este es un resumen de un mapeo realizado por JASS, para compartir sus an\u00e1lisis, sus luchas y los impactos en sus vidas. El objetivo es contar las luchas por el territorio frente al extractivismo en Guatemala e identificar el papel y el impacto en\u2026","rel":"","context":"En \u00abFrontPage\u00bb","block_context":{"text":"FrontPage","link":"https:\/\/www.entremundos.org\/revista\/category\/frontpage\/"},"img":{"alt_text":"","src":"https:\/\/i0.wp.com\/www.entremundos.org\/revista\/wp-content\/uploads\/2025\/05\/2-scaled.png?fit=1200%2C843&ssl=1&resize=350%2C200","width":350,"height":200,"srcset":"https:\/\/i0.wp.com\/www.entremundos.org\/revista\/wp-content\/uploads\/2025\/05\/2-scaled.png?fit=1200%2C843&ssl=1&resize=350%2C200 1x, https:\/\/i0.wp.com\/www.entremundos.org\/revista\/wp-content\/uploads\/2025\/05\/2-scaled.png?fit=1200%2C843&ssl=1&resize=525%2C300 1.5x, https:\/\/i0.wp.com\/www.entremundos.org\/revista\/wp-content\/uploads\/2025\/05\/2-scaled.png?fit=1200%2C843&ssl=1&resize=700%2C400 2x, https:\/\/i0.wp.com\/www.entremundos.org\/revista\/wp-content\/uploads\/2025\/05\/2-scaled.png?fit=1200%2C843&ssl=1&resize=1050%2C600 3x"},"classes":[]},{"id":12224,"url":"https:\/\/www.entremundos.org\/revista\/mujer\/derechos-sexuales-y-reproductivos-tema-pendiente-en-guatemala\/","url_meta":{"origin":9259,"position":4},"title":"Derechos sexuales y reproductivos; tema pendiente en Guatemala","author":"EntreMundos","date":"15 julio, 2024","format":false,"excerpt":"POR EMMA G\u00d3MEZ Seg\u00fan La Organizaci\u00f3n de las Naciones Unidas de los Derechos Humanos, (ONU-DH), los derechos sexuales y reproductivos est\u00e1n relacionados con la libertad de las personas a decidir sobre su sexualidad y el ejercicio libre de la misma. Algunos derechos pueden ser; ejercer la sexualidad de manera independiente\u2026","rel":"","context":"En \u00abFrontPage\u00bb","block_context":{"text":"FrontPage","link":"https:\/\/www.entremundos.org\/revista\/category\/frontpage\/"},"img":{"alt_text":"","src":"https:\/\/i0.wp.com\/www.entremundos.org\/revista\/wp-content\/uploads\/2024\/07\/444487166_750607893953803_8829963883492089519_n.jpg?fit=1200%2C1158&ssl=1&resize=350%2C200","width":350,"height":200,"srcset":"https:\/\/i0.wp.com\/www.entremundos.org\/revista\/wp-content\/uploads\/2024\/07\/444487166_750607893953803_8829963883492089519_n.jpg?fit=1200%2C1158&ssl=1&resize=350%2C200 1x, https:\/\/i0.wp.com\/www.entremundos.org\/revista\/wp-content\/uploads\/2024\/07\/444487166_750607893953803_8829963883492089519_n.jpg?fit=1200%2C1158&ssl=1&resize=525%2C300 1.5x, https:\/\/i0.wp.com\/www.entremundos.org\/revista\/wp-content\/uploads\/2024\/07\/444487166_750607893953803_8829963883492089519_n.jpg?fit=1200%2C1158&ssl=1&resize=700%2C400 2x, https:\/\/i0.wp.com\/www.entremundos.org\/revista\/wp-content\/uploads\/2024\/07\/444487166_750607893953803_8829963883492089519_n.jpg?fit=1200%2C1158&ssl=1&resize=1050%2C600 3x"},"classes":[]},{"id":10588,"url":"https:\/\/www.entremundos.org\/revista\/politica\/ley-de-mujeres-desaparecidas\/","url_meta":{"origin":9259,"position":5},"title":"Ley de mujeres desaparecidas","author":"EntreMundos","date":"9 marzo, 2023","format":false,"excerpt":"Emma G\u00f3mez\u00a0 En Guatemala, cada d\u00eda desaparecen unas 5 mujeres. La desaparici\u00f3n de mujeres est\u00e1 ligada fuertemente con alg\u00fan tipo de violencia de g\u00e9nero.\u00a0 Hace 3 a\u00f1os se implement\u00f3 un mecanismo de b\u00fasqueda inmediata de mujeres desaparecidas, Isabel-Claudina, mecanismo que tiene como base la Ley de Mujeres Desaparecidas que fue\u2026","rel":"","context":"En \u00abFrontPage\u00bb","block_context":{"text":"FrontPage","link":"https:\/\/www.entremundos.org\/revista\/category\/frontpage\/"},"img":{"alt_text":"","src":"https:\/\/i0.wp.com\/www.entremundos.org\/revista\/wp-content\/uploads\/2023\/03\/isable-claudina-justicia.png?fit=1200%2C789&ssl=1&resize=350%2C200","width":350,"height":200,"srcset":"https:\/\/i0.wp.com\/www.entremundos.org\/revista\/wp-content\/uploads\/2023\/03\/isable-claudina-justicia.png?fit=1200%2C789&ssl=1&resize=350%2C200 1x, https:\/\/i0.wp.com\/www.entremundos.org\/revista\/wp-content\/uploads\/2023\/03\/isable-claudina-justicia.png?fit=1200%2C789&ssl=1&resize=525%2C300 1.5x, https:\/\/i0.wp.com\/www.entremundos.org\/revista\/wp-content\/uploads\/2023\/03\/isable-claudina-justicia.png?fit=1200%2C789&ssl=1&resize=700%2C400 2x, https:\/\/i0.wp.com\/www.entremundos.org\/revista\/wp-content\/uploads\/2023\/03\/isable-claudina-justicia.png?fit=1200%2C789&ssl=1&resize=1050%2C600 3x"},"classes":[]}],"jetpack_sharing_enabled":true,"_links":{"self":[{"href":"https:\/\/www.entremundos.org\/revista\/wp-json\/wp\/v2\/posts\/9259","targetHints":{"allow":["GET"]}}],"collection":[{"href":"https:\/\/www.entremundos.org\/revista\/wp-json\/wp\/v2\/posts"}],"about":[{"href":"https:\/\/www.entremundos.org\/revista\/wp-json\/wp\/v2\/types\/post"}],"author":[{"embeddable":true,"href":"https:\/\/www.entremundos.org\/revista\/wp-json\/wp\/v2\/users\/1"}],"replies":[{"embeddable":true,"href":"https:\/\/www.entremundos.org\/revista\/wp-json\/wp\/v2\/comments?post=9259"}],"version-history":[{"count":1,"href":"https:\/\/www.entremundos.org\/revista\/wp-json\/wp\/v2\/posts\/9259\/revisions"}],"predecessor-version":[{"id":9262,"href":"https:\/\/www.entremundos.org\/revista\/wp-json\/wp\/v2\/posts\/9259\/revisions\/9262"}],"wp:featuredmedia":[{"embeddable":true,"href":"https:\/\/www.entremundos.org\/revista\/wp-json\/wp\/v2\/media\/9260"}],"wp:attachment":[{"href":"https:\/\/www.entremundos.org\/revista\/wp-json\/wp\/v2\/media?parent=9259"}],"wp:term":[{"taxonomy":"category","embeddable":true,"href":"https:\/\/www.entremundos.org\/revista\/wp-json\/wp\/v2\/categories?post=9259"},{"taxonomy":"post_tag","embeddable":true,"href":"https:\/\/www.entremundos.org\/revista\/wp-json\/wp\/v2\/tags?post=9259"}],"curies":[{"name":"wp","href":"https:\/\/api.w.org\/{rel}","templated":true}]}}