{"id":9301,"date":"2021-12-07T10:23:58","date_gmt":"2021-12-07T18:23:58","guid":{"rendered":"https:\/\/www.entremundos.org\/revista\/?p=9301"},"modified":"2021-12-16T06:04:15","modified_gmt":"2021-12-16T14:04:15","slug":"changing-lives-for-20-years-stories-of-patricia-macias-lopez-and-richard-brown-former-collaborators-of-entremundos","status":"publish","type":"post","link":"https:\/\/www.entremundos.org\/revista\/frontpage-en\/changing-lives-for-20-years-stories-of-patricia-macias-lopez-and-richard-brown-former-collaborators-of-entremundos\/?lang=en","title":{"rendered":"Stories of Volunteers: Patricia Mac\u00edas L\u00f3pez and Richard Brown, former collaborators of EntreMundos"},"content":{"rendered":"<p><b>Fabio Cresto-Ale\u00edna<\/b><\/p>\n<p><span style=\"font-weight: 400;\">During these 20 years of activity, EntreMundos has had the power to change the lives of many people. Firstly, of course, the lives of the people who benefited from the projects promoted by the organization, but some of the lives touched and changed for the better were those same people who worked or volunteered for Entremundos itself. Today, to commemorate the 20th anniversary of Entremundos we interview two people who contributed to the success of the magazine and helped it become what it is today.\u00a0<\/span><\/p>\n<p><span style=\"font-weight: 400;\">Patricia was living in London before moving to Guatemala, working to find volunteering opportunities for British people in Central America. \u201c<\/span><i><span style=\"font-weight: 400;\">When I saw that Entremundos was looking for people to help with the magazine, I immediately thought that it would have been the perfect fit for me<\/span><\/i><span style=\"font-weight: 400;\">.\u201d Patricia was at the time a bit disillusioned with a certain type of journalism for which she had been working for the past few?(several?) years and saw this opportunity to take control of the stories she was writing about. After her application, she was immediately accepted and started working at Entremundos in October 2013. Richard, on the other hand, originally moved to Guatemala with the purpose of learning Spanish. \u201c<\/span><i><span style=\"font-weight: 400;\">I thought that learning Spanish was a good idea, so I bought a ticket for the cheapest flight, and it happened to be to Guatemala<\/span><\/i><span style=\"font-weight: 400;\">\u201d he remembers. \u201c<\/span><i><span style=\"font-weight: 400;\">I didn\u2019t want to live in the capital, so I decided to go to Xela after seeing an announcement about a volunteering opportunity in a local magazine \u2013 Entremundos! In the end I ended up staying there for quite some time<\/span><\/i><span style=\"font-weight: 400;\">\u201d. Richard still remembers that \u201c<\/span><i><span style=\"font-weight: 400;\">knocking at that blue door completely changed and shaped my life<\/span><\/i><span style=\"font-weight: 400;\">\u201d. During the first day there he met Patricia, and so it started that incredibly meaningful collaboration that led, among many other things, to Entremundos becoming an online magazine as well.<\/span><\/p>\n<p><span style=\"font-weight: 400;\">Together with Richard, Patricia created from scratch a new communication medium: the online portal for Entremundos that still works today in parallel to the printed magazine. She volunteered for 6 years with Entremundos, during which she enjoyed a \u201c<\/span><i><span style=\"font-weight: 400;\">wonderful<\/span><\/i><span style=\"font-weight: 400;\"> [creative] <\/span><i><span style=\"font-weight: 400;\">liberty, and an amazing experience of teamwork<\/span><\/i><span style=\"font-weight: 400;\">\u201d. She finally had the opportunity to write and investigate about themes that she found meaningful: gender issues, human rights, social migration. She also had the opportunity to deepen other of her interests, quickly becoming an editor-in-chief, along with Richard, of the online magazine, and developing her passion for photography. She and Richard had to learn by doing how to build up a communication medium from zero, from working with an online text editor, to creating video content, to selling ads to make the magazine self-sustaining in the long term. Richard remembers this time fondly, as it gave him the opportunity to knock on many doors of local business, getting in touch with local people and learning more about Guatemalan society. In general, this learning aspect is something that both Particia and Richard remember as a pivotal part of their experience at Entremundos.\u00a0<\/span><\/p>\n<p>&nbsp;<\/p>\n<p><b>\u201c<\/b><b><i>The field visits to the local communities we organized for articles and video stories, like to the Finca Comunitaria La Florida, were absolutely eye-opening and inspiring. We were constantly exposed to incredible community organizations and to the most amazing people implementing them<\/i><\/b><b>\u201d recalls Richard.\u00a0<\/b><\/p>\n<p>&nbsp;<\/p>\n<p><span style=\"font-weight: 400;\">There was no doubt, in their eyes, about the value of the projects they were involved with during their stay at Entremundos: \u201c<\/span><i><span style=\"font-weight: 400;\">In a country like Guatemala, where the journalism is heavily politicized and in a context historically plagued by great social inequalities validated by the mainstream media, the role of an independent magazine arriving in local communities is of incredible importance<\/span><\/i><span style=\"font-weight: 400;\">\u201d states Patricia. The type of community journalism the project of Entremundos promotes, she continues, \u201c<\/span><i><span style=\"font-weight: 400;\">is what I thought journalism should be when I studied it during my years at University<\/span><\/i><span style=\"font-weight: 400;\">\u201d. Richard, while agreeing on the importance of the kind of journalism the magazine promotes, also highlights the role of Entremundos as a platform for connecting communities. \u201c<\/span><i><span style=\"font-weight: 400;\">What is special about Entremundos is definitely the power of attracting this kind of small-scale community-based project and bringing together different communities<\/span><\/i><span style=\"font-weight: 400;\">\u201d. Patricia agrees and wishes that the organization will keep working and will strengthen the community-based part of the projects. Knowing how fast the world of communication is changing, she also hopes that Entremundos will keep the balance among the distribution of the printed magazine, the development of the online portal, and the use of social media.<\/span><\/p>\n<p><span style=\"font-weight: 400;\">When asked to summarize her experience in a few words, Patricia said: \u201cE<\/span><i><span style=\"font-weight: 400;\">ntremundos has never been just a job for me. It is a project in which I believed, and that even now I keep supporting. I am very proud of the fact that now the magazine is completely managed by Guatemalans, which was always our ultimate goal<\/span><\/i><span style=\"font-weight: 400;\">\u201d. Richard also highlights his happiness in seeing how the magazine is now run by the current editors and adds: \u201c<\/span><i><span style=\"font-weight: 400;\">Entremundos changed the way I understand the world now, and it inspires a galaxy of people to put some more beauty in the world<\/span><\/i><span style=\"font-weight: 400;\">\u201d.<\/span><\/p>\n<p><i><span style=\"font-weight: 400;\">Interested in being part of the EntreMundos Magazine? Contact us at <\/span><\/i><a href=\"mailto:revista@entremundos.org\"><i><span style=\"font-weight: 400;\">revista@entremundos.org<\/span><\/i><\/a><i><span style=\"font-weight: 400;\">\u00a0 to learn more about how to get involved with us.<\/span><\/i><\/p>\n","protected":false},"excerpt":{"rendered":"<p>Fabio Cresto-Ale\u00edna During these 20 years of activity, EntreMundos has had the power to change the lives of many people. Firstly, of course, the lives of the people who benefited from the projects promoted by the organization, but some of the lives touched and changed for the better were those same people who worked or [&hellip;]<\/p>\n","protected":false},"author":1,"featured_media":9339,"comment_status":"closed","ping_status":"closed","sticky":false,"template":"","format":"standard","meta":{"_exactmetrics_skip_tracking":false,"_exactmetrics_sitenote_active":false,"_exactmetrics_sitenote_note":"","_exactmetrics_sitenote_category":0,"jetpack_post_was_ever_published":false,"_jetpack_newsletter_access":"","_jetpack_dont_email_post_to_subs":false,"_jetpack_newsletter_tier_id":0,"_jetpack_memberships_contains_paywalled_content":false,"_jetpack_memberships_contains_paid_content":false,"footnotes":""},"categories":[453],"tags":[3403,3398,3032,3402],"class_list":["post-9301","post","type-post","status-publish","format-standard","has-post-thumbnail","hentry","category-frontpage-en","tag-entremundos-en","tag-entremundos-20th-anniversary","tag-entremundos-volunteering","tag-independent-journalism"],"jetpack_featured_media_url":"https:\/\/i0.wp.com\/www.entremundos.org\/revista\/wp-content\/uploads\/2021\/12\/p1040216-scaled.jpg?fit=2560%2C1922&ssl=1","jetpack_shortlink":"https:\/\/wp.me\/p7ljt7-2q1","jetpack-related-posts":[{"id":9421,"url":"https:\/\/www.entremundos.org\/revista\/uncategorized\/in-our-20th-anniversary-meet-the-entremundos-team\/?lang=en","url_meta":{"origin":9301,"position":0},"title":"In our 20th Anniversary, meet the EntreMundos team","author":"EntreMundos","date":"14 diciembre, 2021","format":false,"excerpt":"We would like to introduce you to each of the members of the EntreMundos family, their Yessica Pastor - Director Yessica has a degree in Local Environmental Management from the Universidad San Carlos de Guatemala and studied Regional Development at FLACSO. She has worked with development and human rights organizations\u2026","rel":"","context":"En \u00ab20 ANNIVERSARY OF ENTREMUNDOS\u00bb","block_context":{"text":"20 ANNIVERSARY OF ENTREMUNDOS","link":"https:\/\/www.entremundos.org\/revista\/tag\/20-anniversary-of-entremundos\/?lang=en"},"img":{"alt_text":"","src":"https:\/\/i0.wp.com\/www.entremundos.org\/revista\/wp-content\/uploads\/2021\/12\/definitivo.png?fit=1200%2C960&ssl=1&resize=350%2C200","width":350,"height":200,"srcset":"https:\/\/i0.wp.com\/www.entremundos.org\/revista\/wp-content\/uploads\/2021\/12\/definitivo.png?fit=1200%2C960&ssl=1&resize=350%2C200 1x, https:\/\/i0.wp.com\/www.entremundos.org\/revista\/wp-content\/uploads\/2021\/12\/definitivo.png?fit=1200%2C960&ssl=1&resize=525%2C300 1.5x, https:\/\/i0.wp.com\/www.entremundos.org\/revista\/wp-content\/uploads\/2021\/12\/definitivo.png?fit=1200%2C960&ssl=1&resize=700%2C400 2x, https:\/\/i0.wp.com\/www.entremundos.org\/revista\/wp-content\/uploads\/2021\/12\/definitivo.png?fit=1200%2C960&ssl=1&resize=1050%2C600 3x"},"classes":[]},{"id":9435,"url":"https:\/\/www.entremundos.org\/revista\/frontpage-en\/whats-in-the-5th-edition-of-radio-entremundos-celebrating-20-years-of-community-service\/?lang=en","url_meta":{"origin":9301,"position":1},"title":"What\u2019s in the 5th Edition of Radio EntreMundos | Celebrating 20 Years of Community Service:","author":"EntreMundos","date":"25 diciembre, 2021","format":false,"excerpt":"On the occasion of our 20th Anniversary, EntreMundos will be presenting its team, who contribute\u00a0 their time, talent and heart to advance human rights and development in Guatemala.\u00a0 In this 5th edition of Radio EntreMundos you\u2019ll hear reflections from both our current staff members and volunteers.\u00a0 Also, in observance of\u2026","rel":"","context":"En \u00abFrontPage\u00bb","block_context":{"text":"FrontPage","link":"https:\/\/www.entremundos.org\/revista\/category\/frontpage-en\/?lang=en"},"img":{"alt_text":"","src":"https:\/\/i0.wp.com\/www.entremundos.org\/revista\/wp-content\/uploads\/2021\/11\/em-20-anyos-min-scaled.jpeg?fit=1200%2C900&ssl=1&resize=350%2C200","width":350,"height":200,"srcset":"https:\/\/i0.wp.com\/www.entremundos.org\/revista\/wp-content\/uploads\/2021\/11\/em-20-anyos-min-scaled.jpeg?fit=1200%2C900&ssl=1&resize=350%2C200 1x, https:\/\/i0.wp.com\/www.entremundos.org\/revista\/wp-content\/uploads\/2021\/11\/em-20-anyos-min-scaled.jpeg?fit=1200%2C900&ssl=1&resize=525%2C300 1.5x, https:\/\/i0.wp.com\/www.entremundos.org\/revista\/wp-content\/uploads\/2021\/11\/em-20-anyos-min-scaled.jpeg?fit=1200%2C900&ssl=1&resize=700%2C400 2x, https:\/\/i0.wp.com\/www.entremundos.org\/revista\/wp-content\/uploads\/2021\/11\/em-20-anyos-min-scaled.jpeg?fit=1200%2C900&ssl=1&resize=1050%2C600 3x"},"classes":[]},{"id":8560,"url":"https:\/\/www.entremundos.org\/revista\/frontpage-en\/entremundos-is-now-in-audio-on-the-year-of-our-20th-anniversary-we-launch-our-podcast-project\/?lang=en","url_meta":{"origin":9301,"position":2},"title":"EntreMundos is now in audio!  On the year of our 20th anniversary, we launch our podcast project","author":"Majo Recinos","date":"1 abril, 2021","format":false,"excerpt":"Working for the past 20 years on this magazine, we\u2019ve realized that time generates inevitable changes.\u00a0 On occasion, these changes have allowed us to re-invent ourselves and improve our work, but they have also brought us difficulties to continue as an independent media source in a world that generally consumes\u2026","rel":"","context":"En \u00abFrontPage\u00bb","block_context":{"text":"FrontPage","link":"https:\/\/www.entremundos.org\/revista\/category\/frontpage-en\/?lang=en"},"img":{"alt_text":"","src":"https:\/\/i0.wp.com\/www.entremundos.org\/revista\/wp-content\/uploads\/2021\/04\/pag.-20.jpg?fit=597%2C334&ssl=1&resize=350%2C200","width":350,"height":200,"srcset":"https:\/\/i0.wp.com\/www.entremundos.org\/revista\/wp-content\/uploads\/2021\/04\/pag.-20.jpg?fit=597%2C334&ssl=1&resize=350%2C200 1x, https:\/\/i0.wp.com\/www.entremundos.org\/revista\/wp-content\/uploads\/2021\/04\/pag.-20.jpg?fit=597%2C334&ssl=1&resize=525%2C300 1.5x"},"classes":[]},{"id":9803,"url":"https:\/\/www.entremundos.org\/revista\/women\/see-you-soon\/?lang=en","url_meta":{"origin":9301,"position":3},"title":"See you soon!","author":"EntreMundos","date":"12 mayo, 2022","format":false,"excerpt":"Observing the variety of framed EntreMundos cover pages hung on the walls of our organization's headquarters makes me feel nostalgic and at the same time satisfied.\u00a0 Those title pages represent five years of work during which I've had the honor, the pleasure and the luck of having lead this publication.\u00a0\u2026","rel":"","context":"En \u00abFrontPage\u00bb","block_context":{"text":"FrontPage","link":"https:\/\/www.entremundos.org\/revista\/category\/frontpage-en\/?lang=en"},"img":{"alt_text":"","src":"https:\/\/i0.wp.com\/www.entremundos.org\/revista\/wp-content\/uploads\/2022\/05\/whatsapp-image-2022-03-07-at-9.27.52-pm-1.jpg?fit=597%2C705&ssl=1&resize=350%2C200","width":350,"height":200,"srcset":"https:\/\/i0.wp.com\/www.entremundos.org\/revista\/wp-content\/uploads\/2022\/05\/whatsapp-image-2022-03-07-at-9.27.52-pm-1.jpg?fit=597%2C705&ssl=1&resize=350%2C200 1x, https:\/\/i0.wp.com\/www.entremundos.org\/revista\/wp-content\/uploads\/2022\/05\/whatsapp-image-2022-03-07-at-9.27.52-pm-1.jpg?fit=597%2C705&ssl=1&resize=525%2C300 1.5x"},"classes":[]},{"id":9288,"url":"https:\/\/www.entremundos.org\/revista\/uncategorized\/celebrating-20-years-of-entremundos\/?lang=en","url_meta":{"origin":9301,"position":4},"title":"Celebrating 20 years of EntreMundos","author":"EntreMundos","date":"1 diciembre, 2021","format":false,"excerpt":"By: Mae Ard\u00f3n, Latin America Programs Coordinator, Gophilanthropic Foundation \u00a0 EntreMundos Association and Gophilanthropic Foundation have maintained a fruitful relationship since 2017. In these years of partnership, we have had the privilege of supporting their small grants program, their training program, their community-volunteering program and more recently, emergency response programs\u2026","rel":"","context":"En \u00abFrontPage\u00bb","block_context":{"text":"FrontPage","link":"https:\/\/www.entremundos.org\/revista\/category\/frontpage-en\/?lang=en"},"img":{"alt_text":"","src":"https:\/\/i0.wp.com\/www.entremundos.org\/revista\/wp-content\/uploads\/2021\/12\/4.jpg?fit=995%2C619&ssl=1&resize=350%2C200","width":350,"height":200,"srcset":"https:\/\/i0.wp.com\/www.entremundos.org\/revista\/wp-content\/uploads\/2021\/12\/4.jpg?fit=995%2C619&ssl=1&resize=350%2C200 1x, https:\/\/i0.wp.com\/www.entremundos.org\/revista\/wp-content\/uploads\/2021\/12\/4.jpg?fit=995%2C619&ssl=1&resize=525%2C300 1.5x, https:\/\/i0.wp.com\/www.entremundos.org\/revista\/wp-content\/uploads\/2021\/12\/4.jpg?fit=995%2C619&ssl=1&resize=700%2C400 2x"},"classes":[]},{"id":9481,"url":"https:\/\/www.entremundos.org\/revista\/frontpage-en\/firt-place-of-the-contest-letters-to-entremundos-magazine\/?lang=en","url_meta":{"origin":9301,"position":5},"title":"Firt place of the contest: \u00abLetters to EntreMundos Magazine\u00bb","author":"EntreMundos","date":"15 enero, 2022","format":false,"excerpt":"Irma Yolanda Caal Cabnal, Cob\u00e1n, Alta Verapaz Dear EntreMundos Magazine: Receive a cordial greeting, hoping that everything will go in the best way. I introduce myself, my name is Irma Yolanda, a law student, passionate about reading and volunteering in youth networks. Many years have passed since they decided to\u2026","rel":"","context":"En \u00abFrontPage\u00bb","block_context":{"text":"FrontPage","link":"https:\/\/www.entremundos.org\/revista\/category\/frontpage-en\/?lang=en"},"img":{"alt_text":"","src":"https:\/\/i0.wp.com\/www.entremundos.org\/revista\/wp-content\/uploads\/2022\/02\/271745404_5167436483267713_8298917959144372295_n.jpg?fit=1200%2C1037&ssl=1&resize=350%2C200","width":350,"height":200,"srcset":"https:\/\/i0.wp.com\/www.entremundos.org\/revista\/wp-content\/uploads\/2022\/02\/271745404_5167436483267713_8298917959144372295_n.jpg?fit=1200%2C1037&ssl=1&resize=350%2C200 1x, https:\/\/i0.wp.com\/www.entremundos.org\/revista\/wp-content\/uploads\/2022\/02\/271745404_5167436483267713_8298917959144372295_n.jpg?fit=1200%2C1037&ssl=1&resize=525%2C300 1.5x, https:\/\/i0.wp.com\/www.entremundos.org\/revista\/wp-content\/uploads\/2022\/02\/271745404_5167436483267713_8298917959144372295_n.jpg?fit=1200%2C1037&ssl=1&resize=700%2C400 2x, https:\/\/i0.wp.com\/www.entremundos.org\/revista\/wp-content\/uploads\/2022\/02\/271745404_5167436483267713_8298917959144372295_n.jpg?fit=1200%2C1037&ssl=1&resize=1050%2C600 3x"},"classes":[]}],"jetpack_sharing_enabled":true,"_links":{"self":[{"href":"https:\/\/www.entremundos.org\/revista\/wp-json\/wp\/v2\/posts\/9301","targetHints":{"allow":["GET"]}}],"collection":[{"href":"https:\/\/www.entremundos.org\/revista\/wp-json\/wp\/v2\/posts"}],"about":[{"href":"https:\/\/www.entremundos.org\/revista\/wp-json\/wp\/v2\/types\/post"}],"author":[{"embeddable":true,"href":"https:\/\/www.entremundos.org\/revista\/wp-json\/wp\/v2\/users\/1"}],"replies":[{"embeddable":true,"href":"https:\/\/www.entremundos.org\/revista\/wp-json\/wp\/v2\/comments?post=9301"}],"version-history":[{"count":3,"href":"https:\/\/www.entremundos.org\/revista\/wp-json\/wp\/v2\/posts\/9301\/revisions"}],"predecessor-version":[{"id":9369,"href":"https:\/\/www.entremundos.org\/revista\/wp-json\/wp\/v2\/posts\/9301\/revisions\/9369"}],"wp:featuredmedia":[{"embeddable":true,"href":"https:\/\/www.entremundos.org\/revista\/wp-json\/wp\/v2\/media\/9339"}],"wp:attachment":[{"href":"https:\/\/www.entremundos.org\/revista\/wp-json\/wp\/v2\/media?parent=9301"}],"wp:term":[{"taxonomy":"category","embeddable":true,"href":"https:\/\/www.entremundos.org\/revista\/wp-json\/wp\/v2\/categories?post=9301"},{"taxonomy":"post_tag","embeddable":true,"href":"https:\/\/www.entremundos.org\/revista\/wp-json\/wp\/v2\/tags?post=9301"}],"curies":[{"name":"wp","href":"https:\/\/api.w.org\/{rel}","templated":true}]}}