{"id":9372,"date":"2021-11-25T06:43:53","date_gmt":"2021-11-25T14:43:53","guid":{"rendered":"https:\/\/www.entremundos.org\/revista\/?p=9372"},"modified":"2021-12-19T17:17:49","modified_gmt":"2021-12-20T01:17:49","slug":"a-transformational-project-the-challenge-to-get-people-to-focus-their-strength-on-one-common-goal","status":"publish","type":"post","link":"https:\/\/www.entremundos.org\/revista\/politics\/a-transformational-project-the-challenge-to-get-people-to-focus-their-strength-on-one-common-goal\/?lang=en","title":{"rendered":"A Transformational Project: The challenge to get people to focus their strength on one common goal"},"content":{"rendered":"<p><b>An interview with the Mayan activist Mash Mash about current protests and the fight for a Plurinational State. Written in collaboration with Anika Pinz and Martin Sch\u00e4fer from Latein Amerika Nachrichten<\/b><\/p>\n<p>&nbsp;<\/p>\n<p><b>Anika &amp; Martin: This summer, after various corruption scandals, were large protests in Guatemala. What can you say about the situation?<\/b><\/p>\n<p><b>Mash Mash:<\/b><span style=\"font-weight: 400;\"> These protests began in response to the corrupt behavior of the State as it sought to benefit the powerful sectors who have managed the country\u2019s economy and politics. These protests show the resistance and fighting spirit of the people and their rejection of this State that has historically excluded indigenous peoples, who have been subjected to plunder and subjugation since their lands were first invaded.<\/span><\/p>\n<p><span style=\"font-weight: 400;\">In recent years, corrupt structures have been dismantled in Guatemala, but then there were threats to dismantle an institution that hunts down corruption (the Special Prosecutor\u2019s Office against Impunity). The protests grew after the dismissal of Juan Francisco Sandoval, the prosecutor in charge of the Office.<\/span><\/p>\n<p><b>A&amp;M: Tell us about your organization, the Mayan Peoples\u2019 Council (CPO), and the role that it played in the Plurinational strike on July 29.<\/b><\/p>\n<p><b>MM:<\/b><span style=\"font-weight: 400;\"> CPO arose more or less in the year 2005 out of the fight to defend our land and the development of community consultations. As of now, we have conducted around 80 consultations throughout the country to clam the rights of the people over their lands. Transnational corporations, be they mines, dams, or monoculture plantations, are invading the people\u2019s land without consent. We consider ourselves a political movement that articulates the rights of the Mayan people and promotes the construction of a new Guatemalan State.<\/span><\/p>\n<p><span style=\"font-weight: 400;\">As such, we strive for deeper political transformation, but have also called upon the People to join in the fight. The events of July 29 are emblematic of this call. Protests show the strength of the resistance and the fight of the people, but also their rejection of this racist State.<\/span><\/p>\n<p><b>A&amp;M: What is the current situation of Mayan people in Guatemala?<\/b><\/p>\n<p><b>MM: <\/b><span style=\"font-weight: 400;\">Indigenous people have never participated in the State. We did not choose our present situation nor the future that awaits us. There are some indigenous people in Congress, but they represent the interests of political parties, which are run by the oligarchy. When we speak of racism, we have four large grievances. At the time of the invasion, people were dispossessed of their lands. Later in the liberal age, when the government redistributed our communal land to landowners and businessmen, our people were enslaved and forced to work on coffee farms and cotton plantations. The events of the Civil War are the third grievance, because indigenous people were denounced as communists and guerrillas. We were displaced and eliminated. The fourth is the current imposition of the extractivist economic model on our lands. Mines, oil wells, and dams are built, and then the energy produced is sold to us at a very high price. This is a violation of the collective rights of the people, including the right to self-determination and to be consulted about our wishes, among others, but there are also further implications: a lack of health, education, housing, roads, etc. This shows that we live in a country where indigenous people are not the protagonists of their own lives.<\/span><\/p>\n<p><b>A&amp;M: The CPO proposes the creation of a Plurinational State. What does this mean for Guatemala?<\/b><\/p>\n<p><b>MM:<\/b><span style=\"font-weight: 400;\"> Since the creation of the CPO we have proposed the construction of a new inclusive State because there are four cultural groups living together in Guatemala: the Maya, Xinca, Gar\u00edfuna, and Mestizo. We are based on the personal experiences of our people. There are people like the K\u2019iche\u2019 and Kaqchikel Mayans who are jointly governing their lands, as small as they may be. This shows that a plurinational culture is indeed possible. Furthermore, we can see similar examples of success in Bolivia and Ecuador, and even Europe. We consider four pacts necessary for the transition to a plurinational State.<\/span><\/p>\n<p><span style=\"font-weight: 400;\">The first pact is political. In the new plurinational constitution, we want to include community democracy, which has been historically unknown. Now decisions are made by government structures and are forced upon communities. We want to invert this situation because our communities make decisions through communal assemblies and the consensus that arises therein. We want to improve the electoral process so that the four groups are proportionally represented. We propose two ways of electing representatives: through the official political system and also through the dynamic of our communal assemblies.<\/span><\/p>\n<p><span style=\"font-weight: 400;\">The second pact is economic. The concept of <\/span><i><span style=\"font-weight: 400;\">buenvivir<\/span><\/i><span style=\"font-weight: 400;\">, living in harmony with nature and the universe, must be at the center of the economy. Our current economy is regulated by the market. We propose that it be regulated and directed by the community. We also want natural and social public goods, like energy, forests, and rivers, to be public domain for the benefit of the majority, not privatized and controlled by transnational corporations.<\/span><\/p>\n<p><span style=\"font-weight: 400;\">The third pact is culture. We need to support a plurinational culture. Education is designed to maintain the system. At the center of our thinking is the decolonization of thought and the support of a culture of living together harmoniously and productively, where both men and women participate in politics. The fourth pact is justice. Justice has to equally recognize the systems of each culture. We propose judicial pluralism. The people\u2019s justice is restorative. It does not chase after, criminalize, kill, or punish. Above all, it is not a system that solely resolves conflicts. It is also a system of social justice where people have education, health, housing, and all that the concept of <\/span><i><span style=\"font-weight: 400;\">buenvivir<\/span><\/i><span style=\"font-weight: 400;\"> implies.<\/span><\/p>\n<p><span style=\"font-weight: 400;\">These four elements are what sustain a plurinational State. To achieve them, we do not want to patch up the holes in our current exclusionary constitution, but rather establish a plurinational assembly of constituents. To achieve this, we need support in Congress.<\/span><\/p>\n<p><b>A&amp;M: Guatemala has a large indigenous population, but it seems to not be as well coordinated as that of Bolivia or Ecuador. What is missing?<\/b><\/p>\n<p><b>MM:<\/b><span style=\"font-weight: 400;\"> Unfortunately, we have faced ideological suppression for many years. The government, through its laws, institutions, and actors like the army, police, media, and political parties, has imposed a state of siege in an attempt to reduce the demands of the people. Society has been fragmented.<\/span><\/p>\n<p><span style=\"font-weight: 400;\">There is no unity, no solid coordination nor collaboration between organizations and community authorities, student movements, women, youth, or peasants. All of these forces are fragmented and divided amongst the parties. They only coordinate themselves under conditions like those we have seen recently, when they can join together against corruption. Furthermore, State operatives have infiltrated our communities. They, by offering small gifts, get leaders to stay silent. Historically, their strategy has been to criminalize, prosecute, and silence our leaders through laws. There is a law that prohibits free association of communities and social organizations. Structures like the Foundation against Terrorism declare us terrorists and criminals when we demand our rights or head to the streets in protest.<\/span><\/p>\n<p><span style=\"font-weight: 400;\">The big challenge now is that progressive forces need to come together and collaborate on a single transformational project. Together we have great potential as indigenous people, but we are not coordinated. I call upon all of the peoples\u2019 movements and social movements in Guatemala to join together so that we can build our path forward. Above all, we need to unite and set our priorities for the political future of the country, working together with the collaboration of all the various communities.\u00a0<\/span><\/p>\n<p><b>MASH MASH &amp; THE MAYAN PEOPLES\u2019 COUNCIL (CPO)<\/b><\/p>\n<p><span style=\"font-weight: 400;\">Mash Mash (which means <\/span><i><span style=\"font-weight: 400;\">monkey<\/span><\/i><span style=\"font-weight: 400;\"> in the Mam language) belongs to the Mam Mayan community and is an activist with the Mayan Peoples\u2019 Council (CPO). The CPO maintains a direct presence in 7 Departments in the western part of the country, and also has alliances with forces in others, including CODECA, a peasant development committee, and academics, the public sector, and progressive unions.<\/span><\/p>\n","protected":false},"excerpt":{"rendered":"<p>An interview with the Mayan activist Mash Mash about current protests and the fight for a Plurinational State. Written in collaboration with Anika Pinz and Martin Sch\u00e4fer from Latein Amerika Nachrichten &nbsp; Anika &amp; Martin: This summer, after various corruption scandals, were large protests in Guatemala. What can you say about the situation? Mash Mash: [&hellip;]<\/p>\n","protected":false},"author":1,"featured_media":9373,"comment_status":"closed","ping_status":"closed","sticky":false,"template":"","format":"standard","meta":{"_exactmetrics_skip_tracking":false,"_exactmetrics_sitenote_active":false,"_exactmetrics_sitenote_note":"","_exactmetrics_sitenote_category":0,"jetpack_post_was_ever_published":false,"_jetpack_newsletter_access":"","_jetpack_dont_email_post_to_subs":false,"_jetpack_newsletter_tier_id":0,"_jetpack_memberships_contains_paywalled_content":false,"_jetpack_memberships_contains_paid_content":false,"footnotes":""},"categories":[425,453,424,1806],"tags":[3480,3431,3427,3479,3478,3429,3481],"class_list":["post-9372","post","type-post","status-publish","format-standard","has-post-thumbnail","hentry","category-community-action-en-2","category-frontpage-en","category-politics","category-social-situation","tag-ancestral-government-gautemala","tag-consejo-del-pueblo-maya-cpo-en","tag-construction-of-a-new-state-for-guatemala","tag-indigenous-peoples-guatemala","tag-indigenous-peoples-movement-guatemala","tag-pluri-national-state","tag-racism-guatemala"],"jetpack_featured_media_url":"https:\/\/i0.wp.com\/www.entremundos.org\/revista\/wp-content\/uploads\/2021\/12\/11.jpg?fit=1294%2C1294&ssl=1","jetpack_shortlink":"https:\/\/wp.me\/p7ljt7-2ra","jetpack-related-posts":[{"id":2690,"url":"https:\/\/www.entremundos.org\/revista\/politics\/community-action-en-2\/racism-responds-when-guatemalas-downtrodden-block-roads\/?lang=en","url_meta":{"origin":9372,"position":0},"title":"Racism responds when Guatemala&#8217;s downtrodden block roads","author":"EntreMundos","date":"19 mayo, 2016","format":false,"excerpt":"Blockade in Nahual\u00e1, Solol\u00e1, Guatemala. May 11, 2016. Photo by Ollantay Itzamn\u00e1. Commentary by Ollantay Itzamn\u00e1 Nearly 20 blockades on Guatemala\u2019s principal highways were in place by dawn this past Wednesday, May 11th. They were occupied by the \u201cregrettable\u201d presence of 15,000 indigenous Maya and rural workers of the National\u2026","rel":"","context":"En \u00abCommunity Action\u00bb","block_context":{"text":"Community Action","link":"https:\/\/www.entremundos.org\/revista\/category\/politics\/community-action-en-2\/?lang=en"},"img":{"alt_text":"","src":"https:\/\/i0.wp.com\/www.entremundos.org\/revista\/wp-content\/uploads\/2016\/05\/emcodecamayoii.jpg?fit=1200%2C675&ssl=1&resize=350%2C200","width":350,"height":200,"srcset":"https:\/\/i0.wp.com\/www.entremundos.org\/revista\/wp-content\/uploads\/2016\/05\/emcodecamayoii.jpg?fit=1200%2C675&ssl=1&resize=350%2C200 1x, https:\/\/i0.wp.com\/www.entremundos.org\/revista\/wp-content\/uploads\/2016\/05\/emcodecamayoii.jpg?fit=1200%2C675&ssl=1&resize=525%2C300 1.5x, https:\/\/i0.wp.com\/www.entremundos.org\/revista\/wp-content\/uploads\/2016\/05\/emcodecamayoii.jpg?fit=1200%2C675&ssl=1&resize=700%2C400 2x, https:\/\/i0.wp.com\/www.entremundos.org\/revista\/wp-content\/uploads\/2016\/05\/emcodecamayoii.jpg?fit=1200%2C675&ssl=1&resize=1050%2C600 3x"},"classes":[]},{"id":1838,"url":"https:\/\/www.entremundos.org\/revista\/economy\/guatemala-is-speaking-to-you\/?lang=en","url_meta":{"origin":9372,"position":1},"title":"Guatemala is speaking to YOU","author":"EntreMundos","date":"10 noviembre, 2015","format":false,"excerpt":"By Patricia Mac\u00edas -\u00a0EntreMundos Correspondent Guatemala\u2019s indignation and protests are not limited to the capital. In Xela, people are protesting with the same vigor. The demonstrations that began this past April have united students, families, indigenous leaders, businessmen and women, artists; people of all stripes and social stations are demanding\u2026","rel":"","context":"En \u00abAlternative Economy\u00bb","block_context":{"text":"Alternative Economy","link":"https:\/\/www.entremundos.org\/revista\/category\/economy\/alternative-economy\/?lang=en"},"img":{"alt_text":"","src":"https:\/\/i0.wp.com\/www.entremundos.org\/revista\/wp-content\/uploads\/2015\/11\/vos.jpg?fit=900%2C598&ssl=1&resize=350%2C200","width":350,"height":200,"srcset":"https:\/\/i0.wp.com\/www.entremundos.org\/revista\/wp-content\/uploads\/2015\/11\/vos.jpg?fit=900%2C598&ssl=1&resize=350%2C200 1x, https:\/\/i0.wp.com\/www.entremundos.org\/revista\/wp-content\/uploads\/2015\/11\/vos.jpg?fit=900%2C598&ssl=1&resize=525%2C300 1.5x, https:\/\/i0.wp.com\/www.entremundos.org\/revista\/wp-content\/uploads\/2015\/11\/vos.jpg?fit=900%2C598&ssl=1&resize=700%2C400 2x"},"classes":[]},{"id":9033,"url":"https:\/\/www.entremundos.org\/revista\/politics\/changing-revolutionary-and-independent-faces\/?lang=en","url_meta":{"origin":9372,"position":2},"title":"Changing revolutionary and independent faces","author":"EntreMundos","date":"31 julio, 2021","format":false,"excerpt":"By Diana Pastor Anyone who has gone through the Universidad de San Carlos de Guatemala -USAC-, knows that part of the philosophy is to share ideals of revolutionary times, sometimes romanticized. Several are the names that are exalted and remembered as martyrs or leaders, among them some Guatemalans (almost always\u2026","rel":"","context":"En \u00abFrontPage\u00bb","block_context":{"text":"FrontPage","link":"https:\/\/www.entremundos.org\/revista\/category\/frontpage-en\/?lang=en"},"img":{"alt_text":"","src":"https:\/\/i0.wp.com\/www.entremundos.org\/revista\/wp-content\/uploads\/2021\/07\/pag.-5-dibujo-por-eduardo-gularte.jpg?fit=808%2C963&ssl=1&resize=350%2C200","width":350,"height":200,"srcset":"https:\/\/i0.wp.com\/www.entremundos.org\/revista\/wp-content\/uploads\/2021\/07\/pag.-5-dibujo-por-eduardo-gularte.jpg?fit=808%2C963&ssl=1&resize=350%2C200 1x, https:\/\/i0.wp.com\/www.entremundos.org\/revista\/wp-content\/uploads\/2021\/07\/pag.-5-dibujo-por-eduardo-gularte.jpg?fit=808%2C963&ssl=1&resize=525%2C300 1.5x, https:\/\/i0.wp.com\/www.entremundos.org\/revista\/wp-content\/uploads\/2021\/07\/pag.-5-dibujo-por-eduardo-gularte.jpg?fit=808%2C963&ssl=1&resize=700%2C400 2x"},"classes":[]},{"id":7012,"url":"https:\/\/www.entremundos.org\/revista\/politics\/corruption\/state-looting-of-indigenous-land-the-case-of-tres-cruces-in-coban-alta-verapaz\/?lang=en","url_meta":{"origin":9372,"position":3},"title":"STATE LOOTING OF INDIGENOUS LAND:  The case of Tres Cruces in Cob\u00e1n, Alta Verapaz","author":"EntreMundos","date":"7 julio, 2020","format":false,"excerpt":"By C\u00e9sar Bol Between the years 1850 and 1860 the first Germans arrived in Guatemala to seek their fortune. Around they year 1863, the first German, a man by the name of Sapper, settled in Cob\u00e1n, Alta Verapaz. Three years later he would begin coffee farming. The first records of\u2026","rel":"","context":"En \u00abCorruption\u00bb","block_context":{"text":"Corruption","link":"https:\/\/www.entremundos.org\/revista\/category\/politics\/corruption\/?lang=en"},"img":{"alt_text":"","src":"https:\/\/i0.wp.com\/www.entremundos.org\/revista\/wp-content\/uploads\/2020\/07\/4.-en-alguna-comunidad-de-alta-verapaz-nelson-cetino.jpg?fit=1200%2C813&ssl=1&resize=350%2C200","width":350,"height":200,"srcset":"https:\/\/i0.wp.com\/www.entremundos.org\/revista\/wp-content\/uploads\/2020\/07\/4.-en-alguna-comunidad-de-alta-verapaz-nelson-cetino.jpg?fit=1200%2C813&ssl=1&resize=350%2C200 1x, https:\/\/i0.wp.com\/www.entremundos.org\/revista\/wp-content\/uploads\/2020\/07\/4.-en-alguna-comunidad-de-alta-verapaz-nelson-cetino.jpg?fit=1200%2C813&ssl=1&resize=525%2C300 1.5x, https:\/\/i0.wp.com\/www.entremundos.org\/revista\/wp-content\/uploads\/2020\/07\/4.-en-alguna-comunidad-de-alta-verapaz-nelson-cetino.jpg?fit=1200%2C813&ssl=1&resize=700%2C400 2x, https:\/\/i0.wp.com\/www.entremundos.org\/revista\/wp-content\/uploads\/2020\/07\/4.-en-alguna-comunidad-de-alta-verapaz-nelson-cetino.jpg?fit=1200%2C813&ssl=1&resize=1050%2C600 3x"},"classes":[]},{"id":11431,"url":"https:\/\/www.entremundos.org\/revista\/women\/miscellany-of-fight-and-resistance\/?lang=en","url_meta":{"origin":9372,"position":4},"title":"Miscellany of fight and resistance","author":"EntreMundos","date":"10 noviembre, 2023","format":false,"excerpt":"BY LISSETH SANTOS TRANSLATED BY THOMAS LANG The age-old fight and resistance of native peoples was renewed when a historic uprising led by the Board of Directors of the 48 Cantons of Totonicap\u00e1n, the Indigenous Mayoralty of Solol\u00e1, the Indigenous Mayoralty of Nebaj, the Xinka Parliament, and the indigenous communities\u2026","rel":"","context":"En \u00abCorruption\u00bb","block_context":{"text":"Corruption","link":"https:\/\/www.entremundos.org\/revista\/category\/politics\/corruption\/?lang=en"},"img":{"alt_text":"","src":"https:\/\/i0.wp.com\/www.entremundos.org\/revista\/wp-content\/uploads\/2023\/11\/img_20231005_175614-scaled.jpg?fit=1200%2C900&ssl=1&resize=350%2C200","width":350,"height":200,"srcset":"https:\/\/i0.wp.com\/www.entremundos.org\/revista\/wp-content\/uploads\/2023\/11\/img_20231005_175614-scaled.jpg?fit=1200%2C900&ssl=1&resize=350%2C200 1x, https:\/\/i0.wp.com\/www.entremundos.org\/revista\/wp-content\/uploads\/2023\/11\/img_20231005_175614-scaled.jpg?fit=1200%2C900&ssl=1&resize=525%2C300 1.5x, https:\/\/i0.wp.com\/www.entremundos.org\/revista\/wp-content\/uploads\/2023\/11\/img_20231005_175614-scaled.jpg?fit=1200%2C900&ssl=1&resize=700%2C400 2x, https:\/\/i0.wp.com\/www.entremundos.org\/revista\/wp-content\/uploads\/2023\/11\/img_20231005_175614-scaled.jpg?fit=1200%2C900&ssl=1&resize=1050%2C600 3x"},"classes":[]},{"id":4418,"url":"https:\/\/www.entremundos.org\/revista\/uncategorized\/the-art-of-protest-mario-valdez\/?lang=en","url_meta":{"origin":9372,"position":5},"title":"The Art of Protest: Mario Valdez","author":"EntreMundos","date":"4 septiembre, 2018","format":false,"excerpt":"The day after Guatemalan President Jimmy Morales ordered armored vehicles donated by the US to surround the offices of the International Commission Against Impunity in Guatemala (CICIG), Mario Valdez got to work in Guatemala City\u2019s Constitution Square. By Richard Brown - Editor \/ EntreMundos Valdez went to the square because,\u2026","rel":"","context":"En \u00abCulture\u00bb","block_context":{"text":"Culture","link":"https:\/\/www.entremundos.org\/revista\/category\/culture\/?lang=en"},"img":{"alt_text":"","src":"https:\/\/i0.wp.com\/www.entremundos.org\/revista\/wp-content\/uploads\/2018\/09\/mariovaldezarte.jpg?fit=1200%2C800&ssl=1&resize=350%2C200","width":350,"height":200,"srcset":"https:\/\/i0.wp.com\/www.entremundos.org\/revista\/wp-content\/uploads\/2018\/09\/mariovaldezarte.jpg?fit=1200%2C800&ssl=1&resize=350%2C200 1x, https:\/\/i0.wp.com\/www.entremundos.org\/revista\/wp-content\/uploads\/2018\/09\/mariovaldezarte.jpg?fit=1200%2C800&ssl=1&resize=525%2C300 1.5x, https:\/\/i0.wp.com\/www.entremundos.org\/revista\/wp-content\/uploads\/2018\/09\/mariovaldezarte.jpg?fit=1200%2C800&ssl=1&resize=700%2C400 2x, https:\/\/i0.wp.com\/www.entremundos.org\/revista\/wp-content\/uploads\/2018\/09\/mariovaldezarte.jpg?fit=1200%2C800&ssl=1&resize=1050%2C600 3x"},"classes":[]}],"jetpack_sharing_enabled":true,"_links":{"self":[{"href":"https:\/\/www.entremundos.org\/revista\/wp-json\/wp\/v2\/posts\/9372","targetHints":{"allow":["GET"]}}],"collection":[{"href":"https:\/\/www.entremundos.org\/revista\/wp-json\/wp\/v2\/posts"}],"about":[{"href":"https:\/\/www.entremundos.org\/revista\/wp-json\/wp\/v2\/types\/post"}],"author":[{"embeddable":true,"href":"https:\/\/www.entremundos.org\/revista\/wp-json\/wp\/v2\/users\/1"}],"replies":[{"embeddable":true,"href":"https:\/\/www.entremundos.org\/revista\/wp-json\/wp\/v2\/comments?post=9372"}],"version-history":[{"count":2,"href":"https:\/\/www.entremundos.org\/revista\/wp-json\/wp\/v2\/posts\/9372\/revisions"}],"predecessor-version":[{"id":9409,"href":"https:\/\/www.entremundos.org\/revista\/wp-json\/wp\/v2\/posts\/9372\/revisions\/9409"}],"wp:featuredmedia":[{"embeddable":true,"href":"https:\/\/www.entremundos.org\/revista\/wp-json\/wp\/v2\/media\/9373"}],"wp:attachment":[{"href":"https:\/\/www.entremundos.org\/revista\/wp-json\/wp\/v2\/media?parent=9372"}],"wp:term":[{"taxonomy":"category","embeddable":true,"href":"https:\/\/www.entremundos.org\/revista\/wp-json\/wp\/v2\/categories?post=9372"},{"taxonomy":"post_tag","embeddable":true,"href":"https:\/\/www.entremundos.org\/revista\/wp-json\/wp\/v2\/tags?post=9372"}],"curies":[{"name":"wp","href":"https:\/\/api.w.org\/{rel}","templated":true}]}}