{"id":9447,"date":"2022-01-25T10:00:30","date_gmt":"2022-01-25T18:00:30","guid":{"rendered":"https:\/\/www.entremundos.org\/revista\/?p=9447"},"modified":"2022-02-05T21:03:18","modified_gmt":"2022-02-06T05:03:18","slug":"muchas-formas-de-contar-historias","status":"publish","type":"post","link":"https:\/\/www.entremundos.org\/revista\/mujer\/muchas-formas-de-contar-historias\/","title":{"rendered":"\u00abMuchas formas de contar historias\u00bb"},"content":{"rendered":"<p><b>Adela Esther Tuy Tuy<\/b><\/p>\n<p><span style=\"font-weight: 400;\">Yo vengo de una familia con ra\u00edces ind\u00edgenas, en una comunidad peque\u00f1a donde abunda cultura, naturaleza y mucho talento. Al menos es lo que se habla de las comunidades y lo que el sistema nos ha hecho creer, que todo es perfecto. Puedo inferir que es un orgullo vivir en el lugar donde vivo, como tambi\u00e9n un gran reto, porque darse a conocer a la sociedad es un peligro, en muchos casos.\u00a0\u00a0<\/span><\/p>\n<p><span style=\"font-weight: 400;\">Nac\u00ed en un lugar donde las mujeres somos calladas, silenciadas, y obligadas a aceptar una ideolog\u00eda que indica que el espacio para explorar el arte no deber\u00eda existir. Recuerdo que mi padre me regal\u00f3 el primer cuaderno y un l\u00e1piz antes de iniciar la escuela. Yo no entend\u00eda el poder que \u00e9stos ten\u00edan, ni tampoco imaginaba que estos iban a cambiar el panorama de mi vida. En mi b\u00fasqueda de respuestas, sobre la construcci\u00f3n de mi identidad, de mi voz y de mi resistencia. A los cambios inminentes de mi vida, encontr\u00e9 en la escritura y el dibujo, una puerta para entender que en m\u00ed, est\u00e1 el camino para romper el sistema social que ha creado la misma sociedad con la que convivo.\u00a0<\/span><\/p>\n<p><span style=\"font-weight: 400;\">Cuando mis padres eran ni\u00f1os, en una \u00e9poca antigua para los habitantes de mi comunidad, la poes\u00eda, el dibujo, la pintura y otros tipos de artes, eran cosas de artistas, famosos y de personajes con prestigio. Pero en las iglesias hab\u00eda una excepci\u00f3n con los hombres, con los seguidores de Dios, a quienes se les permit\u00eda hacer m\u00fasica y pintar. Las mujeres s\u00f3lo pod\u00edan observar y a veces admirar.\u00a0<\/span><\/p>\n<p><span style=\"font-weight: 400;\">Toda mi infancia la pas\u00e9 en una casa peque\u00f1a, con mi familia grande de cinco hermanas y dos hermanos. Ante mis ojos fui testigo de los cambios que cada uno tuvo en su ni\u00f1ez y adolescencia, desde que dejaron de jugar y hacer lo que les gustaba, a tener que cumplir con conductas impuestas por mis abuelos y la comunidad en general. La presi\u00f3n de la pobreza hacia la idea de tener que laborar era grande, lo cual hizo que mis hermanos mayores crecieran r\u00e1pido para convertirse en adultos, sin conocer, explorar y descubrir el mundo que los rodeaba. Todo transcurr\u00eda as\u00ed hasta que se dio una revoluci\u00f3n en la familia.<\/span><\/p>\n<p><span style=\"font-weight: 400;\">Esta revoluci\u00f3n ocurri\u00f3 cuando mi padre nos dio la libertad de escoger lo que quer\u00edamos ser, con lo cual me sent\u00ed poderosa. Fue incre\u00edble poder elegir las cosas que dese\u00e1bamos y a partir de esa acci\u00f3n, la mayor\u00eda de mis hermanos comenz\u00f3 a adentrarse al mundo de la m\u00fasica. Cuando mi inquietud hacia el mundo crec\u00eda, descubr\u00ed que pod\u00eda dibujar, despertando mi inter\u00e9s en este arte. Hice y dibuj\u00e9 cosas de mi infancia, como sue\u00f1os: yo en avi\u00f3n, yo encima de un drag\u00f3n, yo ejecutando una guitarra, yo teniendo miedo. Cada uno de mis dibujos iba acompa\u00f1ado de una emoci\u00f3n. Dibuj\u00e9 tambi\u00e9n una de las cosas que m\u00e1s admiraba:\u00a0 el lago de Atitl\u00e1n. Tambi\u00e9n dibuj\u00e9 auroras boreales, o imitaba \u00abLa noche estrellada\u00bb de Van Gogh. Mi pasi\u00f3n por las artes iba creciendo poco a poco.<a href=\"https:\/\/i0.wp.com\/www.entremundos.org\/revista\/wp-content\/uploads\/2022\/02\/7-paula-nicho-cumez-melodia-de-paz.jpg?ssl=1\"><img data-recalc-dims=\"1\" loading=\"lazy\" decoding=\"async\" class=\"aligncenter size-full wp-image-9448\" src=\"https:\/\/i0.wp.com\/www.entremundos.org\/revista\/wp-content\/uploads\/2022\/02\/7-paula-nicho-cumez-melodia-de-paz.jpg?resize=600%2C800&#038;ssl=1\" alt=\"\" width=\"600\" height=\"800\" srcset=\"https:\/\/i0.wp.com\/www.entremundos.org\/revista\/wp-content\/uploads\/2022\/02\/7-paula-nicho-cumez-melodia-de-paz.jpg?w=600&amp;ssl=1 600w, https:\/\/i0.wp.com\/www.entremundos.org\/revista\/wp-content\/uploads\/2022\/02\/7-paula-nicho-cumez-melodia-de-paz.jpg?resize=225%2C300&amp;ssl=1 225w, https:\/\/i0.wp.com\/www.entremundos.org\/revista\/wp-content\/uploads\/2022\/02\/7-paula-nicho-cumez-melodia-de-paz.jpg?resize=335%2C447&amp;ssl=1 335w\" sizes=\"auto, (max-width: 600px) 100vw, 600px\" \/><\/a><\/span><\/p>\n<p><span style=\"font-weight: 400;\">A la edad de 12 a\u00f1os, ingres\u00e9 a MAIA, la escuela que me ha dado la oportunidad de encontrar mi voz. Ah\u00ed descubr\u00ed no s\u00f3lo la escritura, sino tambi\u00e9n otras\u00a0 habilidades que pose\u00eda. Escrib\u00ed y escrib\u00ed, relatos, vivencias sobre mi vida y sobre los temas que me interesan. El escrito que m\u00e1s me ha marcado es un poema dedicado a la poes\u00eda misma, es \u00abMi mundo en poes\u00eda\u00bb, el cual escribo a continuaci\u00f3n:<\/span><\/p>\n<p style=\"text-align: center;\"><i><span style=\"font-weight: 400;\">Cuando te lo hablo y te lo escribo, le pones tu esencia. Me dejas absorberte en los crudos inviernos, me dejas fluir la corriente de palabras que entre puestas de sol, noches estrelladas y amaneceres escribo en t\u00ed.<\/span><\/i><\/p>\n<p style=\"text-align: center;\"><i><span style=\"font-weight: 400;\">Mi cabeza est\u00e1 sobre tu hombro cada tarde,te expreso mis risas,alegr\u00edas,tr\u00e1gicas situaciones y aquella historia que narro cada noche. Eres el componente que forma parte de mi tejido.\u00a0<\/span><\/i><\/p>\n<p style=\"text-align: center;\"><i><span style=\"font-weight: 400;\">Mi mundo en poes\u00eda\u2026 te dejas usar para comprender mi sentir a trav\u00e9s de las palabras. Llorar\u00e1s conmigo,puede que de alegr\u00eda o de profundo llanto con el m\u00e1s terrible dolor.\u00a0<\/span><\/i><\/p>\n<p><span style=\"font-weight: 400;\">En MAIA, conoc\u00ed a educadoras, compa\u00f1eras y otras mujeres que tienen hermosos escritos y otros talentos. Me di cuenta que compartimos las mismas experiencias e historias, de mujeres que a pesar de la lucha, seguimos a oscuras y siendo invisibles. Sin embargo, he concluido que esto debe cambiar, y que debo contar mi historia. Todo lo que llegu\u00e9 a hacer, desde el primer dibujo, el primer escrito, cada uno form\u00f3 parte de lo que soy. No s\u00f3lo me ayudaron a entender la realidad, sino tambi\u00e9n entendieron mis cambios, descubrimientos y pasados. Desde el principio hasta el final, hubo, hay y habr\u00e1 una respuesta en m\u00ed: considero el arte como un amigo, un mundo, un arma pol\u00edtica y una puerta para dejar salir lo que llevas dentro. Las mujeres deben fortalecer nuestra equidad y empoderamiento, y para ello es necesario m\u00e1s espacios y oportunidades, porque historias poderosas, talentos y voces hay; posiblemente en un papel, en un dibujo, en una pintura, o quiz\u00e1s en una foto, en un poema o en una canci\u00f3n, que necesitan salir a la luz.\u00a0<\/span><\/p>\n<p><span style=\"font-weight: 400;\">El art\u00edculo anterior es parte de una serie de art\u00edculos que EntreMundos estar\u00e1 publicando como parte de un proceso de formaci\u00f3n en art\u00edculos de opini\u00f3n brindada a j\u00f3venes estudiantes del colegio MAIA, impacto Infinito. MAIA es la primera escuela secundaria femenina dirigida por ind\u00edgenas en Centroam\u00e9rica que est\u00e1 redefiniendo la educaci\u00f3n en Guatemala a trav\u00e9s de un modelo de empoderamiento \u00fanico, integrado por calidad educativa y acompa\u00f1amiento socio emocional y familiar, impulsando el talento de mujeres adolescentes para crear una generaci\u00f3n de lideresas que impacten en su familia, su comunidad, el pa\u00eds y el mundo.<\/span><\/p>\n<p>*Las imagenes fueron tomadas de obras de Paula Nicho Cumez, pintora<\/p>\n","protected":false},"excerpt":{"rendered":"<p>Adela Esther Tuy Tuy Yo vengo de una familia con ra\u00edces ind\u00edgenas, en una comunidad peque\u00f1a donde abunda cultura, naturaleza y mucho talento. Al menos es lo que se habla de las comunidades y lo que el sistema nos ha hecho creer, que todo es perfecto. Puedo inferir que es un orgullo vivir en el [&hellip;]<\/p>\n","protected":false},"author":1,"featured_media":9450,"comment_status":"closed","ping_status":"closed","sticky":false,"template":"","format":"standard","meta":{"_exactmetrics_skip_tracking":false,"_exactmetrics_sitenote_active":false,"_exactmetrics_sitenote_note":"","_exactmetrics_sitenote_category":0,"jetpack_post_was_ever_published":false,"_jetpack_newsletter_access":"","_jetpack_dont_email_post_to_subs":false,"_jetpack_newsletter_tier_id":0,"_jetpack_memberships_contains_paywalled_content":false,"_jetpack_memberships_contains_paid_content":false,"footnotes":""},"categories":[452,439,386],"tags":[3548,3547,3546,3543,3544,3516,3517,3545,3542],"class_list":["post-9447","post","type-post","status-publish","format-standard","has-post-thumbnail","hentry","category-frontpage","category-juventud","category-mujer","tag-arte-en-guatemala","tag-arte-y-mayas","tag-arte-y-mujeres-indigenas","tag-colegio-maia-impacto","tag-jovenes-indigenas-guatemala","tag-maia","tag-ninas-y-adolescentes-indigenas","tag-paula-nicho-cumez","tag-poesia-indigena"],"jetpack_featured_media_url":"https:\/\/i0.wp.com\/www.entremundos.org\/revista\/wp-content\/uploads\/2022\/02\/4-paula-nicho-cumez-cruzando-fronteras.jpg?fit=1200%2C901&ssl=1","jetpack_shortlink":"https:\/\/wp.me\/p7ljt7-2sn","jetpack-related-posts":[{"id":12980,"url":"https:\/\/www.entremundos.org\/revista\/mujer\/el-otro-lado-del-viaje-sonado-detras-de-un-espacio-internacional\/","url_meta":{"origin":9447,"position":0},"title":"El otro lado del viaje so\u00f1ado; detr\u00e1s de un espacio internacional","author":"EntreMundos","date":"23 julio, 2025","format":false,"excerpt":"Por Adela Tuy Cuando la gente escucha \u2018Conferencias Internacionales\u2019 piensa en edificios lujosos, gente hablando en ingl\u00e9s, muchas fotos formales y muchos discursos bonitos; tambi\u00e9n en lo elegante de participar en una conferencia y ponerlo en tu curr\u00edculum vitae. Sin embargo, nadie les cuenta sobre lo que hay detr\u00e1s de\u2026","rel":"","context":"En \u00abCine\u00bb","block_context":{"text":"Cine","link":"https:\/\/www.entremundos.org\/revista\/category\/cine\/"},"img":{"alt_text":"","src":"https:\/\/i0.wp.com\/www.entremundos.org\/revista\/wp-content\/uploads\/2025\/07\/20241121_092407-143c-1.jpg?fit=1200%2C800&ssl=1&resize=350%2C200","width":350,"height":200,"srcset":"https:\/\/i0.wp.com\/www.entremundos.org\/revista\/wp-content\/uploads\/2025\/07\/20241121_092407-143c-1.jpg?fit=1200%2C800&ssl=1&resize=350%2C200 1x, https:\/\/i0.wp.com\/www.entremundos.org\/revista\/wp-content\/uploads\/2025\/07\/20241121_092407-143c-1.jpg?fit=1200%2C800&ssl=1&resize=525%2C300 1.5x, https:\/\/i0.wp.com\/www.entremundos.org\/revista\/wp-content\/uploads\/2025\/07\/20241121_092407-143c-1.jpg?fit=1200%2C800&ssl=1&resize=700%2C400 2x, https:\/\/i0.wp.com\/www.entremundos.org\/revista\/wp-content\/uploads\/2025\/07\/20241121_092407-143c-1.jpg?fit=1200%2C800&ssl=1&resize=1050%2C600 3x"},"classes":[]},{"id":12224,"url":"https:\/\/www.entremundos.org\/revista\/mujer\/derechos-sexuales-y-reproductivos-tema-pendiente-en-guatemala\/","url_meta":{"origin":9447,"position":1},"title":"Derechos sexuales y reproductivos; tema pendiente en Guatemala","author":"EntreMundos","date":"15 julio, 2024","format":false,"excerpt":"POR EMMA G\u00d3MEZ Seg\u00fan La Organizaci\u00f3n de las Naciones Unidas de los Derechos Humanos, (ONU-DH), los derechos sexuales y reproductivos est\u00e1n relacionados con la libertad de las personas a decidir sobre su sexualidad y el ejercicio libre de la misma. Algunos derechos pueden ser; ejercer la sexualidad de manera independiente\u2026","rel":"","context":"En \u00abFrontPage\u00bb","block_context":{"text":"FrontPage","link":"https:\/\/www.entremundos.org\/revista\/category\/frontpage\/"},"img":{"alt_text":"","src":"https:\/\/i0.wp.com\/www.entremundos.org\/revista\/wp-content\/uploads\/2024\/07\/444487166_750607893953803_8829963883492089519_n.jpg?fit=1200%2C1158&ssl=1&resize=350%2C200","width":350,"height":200,"srcset":"https:\/\/i0.wp.com\/www.entremundos.org\/revista\/wp-content\/uploads\/2024\/07\/444487166_750607893953803_8829963883492089519_n.jpg?fit=1200%2C1158&ssl=1&resize=350%2C200 1x, https:\/\/i0.wp.com\/www.entremundos.org\/revista\/wp-content\/uploads\/2024\/07\/444487166_750607893953803_8829963883492089519_n.jpg?fit=1200%2C1158&ssl=1&resize=525%2C300 1.5x, https:\/\/i0.wp.com\/www.entremundos.org\/revista\/wp-content\/uploads\/2024\/07\/444487166_750607893953803_8829963883492089519_n.jpg?fit=1200%2C1158&ssl=1&resize=700%2C400 2x, https:\/\/i0.wp.com\/www.entremundos.org\/revista\/wp-content\/uploads\/2024\/07\/444487166_750607893953803_8829963883492089519_n.jpg?fit=1200%2C1158&ssl=1&resize=1050%2C600 3x"},"classes":[]},{"id":10580,"url":"https:\/\/www.entremundos.org\/revista\/politica\/desalojos-aumentan-durante-el-gobierno-de-alejandro-giammattei\/","url_meta":{"origin":9447,"position":2},"title":"Desalojos aumentan durante el gobierno de Alejandro Giammattei","author":"EntreMundos","date":"8 marzo, 2023","format":false,"excerpt":"Por Gilberto Escobar\u00a0 En Guatemala, durante los \u00faltimos a\u00f1os, los desalojos han ido en aumento y se han dado en dos modalidades: los desalojos legales que tienen una orden judicial y los extrajudiciales, los que\u00a0 no van acompa\u00f1ados de ninguna orden de un juez y que ocurren\u00a0 en horas de\u2026","rel":"","context":"En \u00abBosques\u00bb","block_context":{"text":"Bosques","link":"https:\/\/www.entremundos.org\/revista\/category\/medio-ambiente\/bosques\/"},"img":{"alt_text":"","src":"https:\/\/i0.wp.com\/www.entremundos.org\/revista\/wp-content\/uploads\/2023\/03\/portada.jpg?fit=1024%2C768&ssl=1&resize=350%2C200","width":350,"height":200,"srcset":"https:\/\/i0.wp.com\/www.entremundos.org\/revista\/wp-content\/uploads\/2023\/03\/portada.jpg?fit=1024%2C768&ssl=1&resize=350%2C200 1x, https:\/\/i0.wp.com\/www.entremundos.org\/revista\/wp-content\/uploads\/2023\/03\/portada.jpg?fit=1024%2C768&ssl=1&resize=525%2C300 1.5x, https:\/\/i0.wp.com\/www.entremundos.org\/revista\/wp-content\/uploads\/2023\/03\/portada.jpg?fit=1024%2C768&ssl=1&resize=700%2C400 2x"},"classes":[]},{"id":11407,"url":"https:\/\/www.entremundos.org\/revista\/politica\/del-papel-a-la-pantalla\/","url_meta":{"origin":9447,"position":3},"title":"Del papel a la pantalla","author":"EntreMundos","date":"10 noviembre, 2023","format":false,"excerpt":"POR EMMA G\u00d3MEZ Dos pa\u00edses golpeados por la corrupci\u00f3n, violaci\u00f3n de los derechos humanos, injusticias, persecuciones y despojos, por mencionar algunos de los males que tienen en com\u00fan Guatemala y El Salvador. El proyecto, Del Papel a la Pantalla, presenta dos propuestas visuales para reflexionar sobre la educaci\u00f3n sexual y\u2026","rel":"","context":"En \u00abAccion Comunitaria\u00bb","block_context":{"text":"Accion Comunitaria","link":"https:\/\/www.entremundos.org\/revista\/category\/politica\/accion-comunitaria-3\/"},"img":{"alt_text":"","src":"https:\/\/i0.wp.com\/www.entremundos.org\/revista\/wp-content\/uploads\/2023\/11\/whatsapp-image-2023-10-23-at-9.54.45-am-2.jpeg?fit=1200%2C800&ssl=1&resize=350%2C200","width":350,"height":200,"srcset":"https:\/\/i0.wp.com\/www.entremundos.org\/revista\/wp-content\/uploads\/2023\/11\/whatsapp-image-2023-10-23-at-9.54.45-am-2.jpeg?fit=1200%2C800&ssl=1&resize=350%2C200 1x, https:\/\/i0.wp.com\/www.entremundos.org\/revista\/wp-content\/uploads\/2023\/11\/whatsapp-image-2023-10-23-at-9.54.45-am-2.jpeg?fit=1200%2C800&ssl=1&resize=525%2C300 1.5x, https:\/\/i0.wp.com\/www.entremundos.org\/revista\/wp-content\/uploads\/2023\/11\/whatsapp-image-2023-10-23-at-9.54.45-am-2.jpeg?fit=1200%2C800&ssl=1&resize=700%2C400 2x, https:\/\/i0.wp.com\/www.entremundos.org\/revista\/wp-content\/uploads\/2023\/11\/whatsapp-image-2023-10-23-at-9.54.45-am-2.jpeg?fit=1200%2C800&ssl=1&resize=1050%2C600 3x"},"classes":[]},{"id":13642,"url":"https:\/\/www.entremundos.org\/revista\/politica\/las-mujeres-inspiran-es-hora-de-acabar-con-las-brechas-de-desigualdad\/","url_meta":{"origin":9447,"position":4},"title":"Las mujeres inspiran: Es hora de acabar con las brechas de desigualdad","author":"EntreMundos","date":"4 abril, 2026","format":false,"excerpt":"POR MARIANA L\u00d3PEZ La discriminaci\u00f3n y racismo son temas que se han abordado e incluso se ha dicho que ya se han superado estando lejos de ser parte de nuestra realidad, sin embargo, basta con observar para comprender que una cosa es el discurso y otra la pr\u00e1ctica. En la\u2026","rel":"","context":"En \u00abFrontPage\u00bb","block_context":{"text":"FrontPage","link":"https:\/\/www.entremundos.org\/revista\/category\/frontpage\/"},"img":{"alt_text":"","src":"https:\/\/i0.wp.com\/www.entremundos.org\/revista\/wp-content\/uploads\/2026\/03\/649499575_1230883245899060_5224768132019882352_n.jpg?fit=1200%2C800&ssl=1&resize=350%2C200","width":350,"height":200,"srcset":"https:\/\/i0.wp.com\/www.entremundos.org\/revista\/wp-content\/uploads\/2026\/03\/649499575_1230883245899060_5224768132019882352_n.jpg?fit=1200%2C800&ssl=1&resize=350%2C200 1x, https:\/\/i0.wp.com\/www.entremundos.org\/revista\/wp-content\/uploads\/2026\/03\/649499575_1230883245899060_5224768132019882352_n.jpg?fit=1200%2C800&ssl=1&resize=525%2C300 1.5x, https:\/\/i0.wp.com\/www.entremundos.org\/revista\/wp-content\/uploads\/2026\/03\/649499575_1230883245899060_5224768132019882352_n.jpg?fit=1200%2C800&ssl=1&resize=700%2C400 2x, https:\/\/i0.wp.com\/www.entremundos.org\/revista\/wp-content\/uploads\/2026\/03\/649499575_1230883245899060_5224768132019882352_n.jpg?fit=1200%2C800&ssl=1&resize=1050%2C600 3x"},"classes":[]},{"id":12859,"url":"https:\/\/www.entremundos.org\/revista\/politica\/mujeres-indigenas-y-rurales-en-defensa-del-territorio-frente-al-extractivismo-en-guatemala\/","url_meta":{"origin":9447,"position":5},"title":"Mujeres ind\u00edgenas y rurales en defensa del territorio frente al extractivismo en Guatemala","author":"EntreMundos","date":"21 mayo, 2025","format":false,"excerpt":"Por Asociadas Por lo Justo (JASS) Este es un resumen de un mapeo realizado por JASS, para compartir sus an\u00e1lisis, sus luchas y los impactos en sus vidas. El objetivo es contar las luchas por el territorio frente al extractivismo en Guatemala e identificar el papel y el impacto en\u2026","rel":"","context":"En \u00abFrontPage\u00bb","block_context":{"text":"FrontPage","link":"https:\/\/www.entremundos.org\/revista\/category\/frontpage\/"},"img":{"alt_text":"","src":"https:\/\/i0.wp.com\/www.entremundos.org\/revista\/wp-content\/uploads\/2025\/05\/2-scaled.png?fit=1200%2C843&ssl=1&resize=350%2C200","width":350,"height":200,"srcset":"https:\/\/i0.wp.com\/www.entremundos.org\/revista\/wp-content\/uploads\/2025\/05\/2-scaled.png?fit=1200%2C843&ssl=1&resize=350%2C200 1x, https:\/\/i0.wp.com\/www.entremundos.org\/revista\/wp-content\/uploads\/2025\/05\/2-scaled.png?fit=1200%2C843&ssl=1&resize=525%2C300 1.5x, https:\/\/i0.wp.com\/www.entremundos.org\/revista\/wp-content\/uploads\/2025\/05\/2-scaled.png?fit=1200%2C843&ssl=1&resize=700%2C400 2x, https:\/\/i0.wp.com\/www.entremundos.org\/revista\/wp-content\/uploads\/2025\/05\/2-scaled.png?fit=1200%2C843&ssl=1&resize=1050%2C600 3x"},"classes":[]}],"jetpack_sharing_enabled":true,"_links":{"self":[{"href":"https:\/\/www.entremundos.org\/revista\/wp-json\/wp\/v2\/posts\/9447","targetHints":{"allow":["GET"]}}],"collection":[{"href":"https:\/\/www.entremundos.org\/revista\/wp-json\/wp\/v2\/posts"}],"about":[{"href":"https:\/\/www.entremundos.org\/revista\/wp-json\/wp\/v2\/types\/post"}],"author":[{"embeddable":true,"href":"https:\/\/www.entremundos.org\/revista\/wp-json\/wp\/v2\/users\/1"}],"replies":[{"embeddable":true,"href":"https:\/\/www.entremundos.org\/revista\/wp-json\/wp\/v2\/comments?post=9447"}],"version-history":[{"count":3,"href":"https:\/\/www.entremundos.org\/revista\/wp-json\/wp\/v2\/posts\/9447\/revisions"}],"predecessor-version":[{"id":9469,"href":"https:\/\/www.entremundos.org\/revista\/wp-json\/wp\/v2\/posts\/9447\/revisions\/9469"}],"wp:featuredmedia":[{"embeddable":true,"href":"https:\/\/www.entremundos.org\/revista\/wp-json\/wp\/v2\/media\/9450"}],"wp:attachment":[{"href":"https:\/\/www.entremundos.org\/revista\/wp-json\/wp\/v2\/media?parent=9447"}],"wp:term":[{"taxonomy":"category","embeddable":true,"href":"https:\/\/www.entremundos.org\/revista\/wp-json\/wp\/v2\/categories?post=9447"},{"taxonomy":"post_tag","embeddable":true,"href":"https:\/\/www.entremundos.org\/revista\/wp-json\/wp\/v2\/tags?post=9447"}],"curies":[{"name":"wp","href":"https:\/\/api.w.org\/{rel}","templated":true}]}}