{"id":9477,"date":"2022-01-15T16:54:15","date_gmt":"2022-01-16T00:54:15","guid":{"rendered":"https:\/\/www.entremundos.org\/revista\/?p=9477"},"modified":"2022-02-15T17:35:15","modified_gmt":"2022-02-16T01:35:15","slug":"primer-lugar-del-concurso-cartas-a-la-revista-entremundos","status":"publish","type":"post","link":"https:\/\/www.entremundos.org\/revista\/frontpage\/primer-lugar-del-concurso-cartas-a-la-revista-entremundos\/","title":{"rendered":"Primer lugar del concurso: \u201cCartas a la Revista EntreMundos\u201d"},"content":{"rendered":"<p style=\"text-align: right;\">Irma Yolanda Caal Cabnal<strong>, <\/strong>Cob\u00e1n, Alta Verapaz<\/p>\n<p>&nbsp;<\/p>\n<p><strong>Estimados (as): <\/strong><\/p>\n<p><strong>Revista EntreMundos <\/strong><\/p>\n<p>Reciban un cordial saludo, esperando que todo marche de la mejor manera. Me presento, mi nombre es Irma Yolanda, estudiante de Derecho, apasionada por la lectura y voluntaria en redes de j\u00f3venes.<\/p>\n<p>Han pasado muchos a\u00f1os desde que decidieron crear esta revista, durante todo este tiempo ha sido un motor period\u00edstico de nuestro pa\u00eds, el que ha hecho que se respete la libertad de expresi\u00f3n y el que siempre ha dedicado sus p\u00e1ginas a espacios de cultura, juventud, mujer, medio ambiente, migraci\u00f3n, econom\u00eda, pol\u00edtica, arte, entre otros\u2026<\/p>\n<p>\u00bfQu\u00e9 cosa m\u00e1s grande y misteriosa existe en la vida que el encuentro con lo inesperado? \u00bfC\u00f3mo imaginar, sobre todo, qu\u00e9 nos deparar\u00e1 el destino cuando alg\u00fan d\u00eda, pasado el tiempo de esta vida y de esta historia, nos reencontremos? Era el a\u00f1o 2020 cuando, casi por casualidad, le\u00ed sobre un concurso de ensayos, al cual me anim\u00e9 a participar. Mi inter\u00e9s por la lectura y escritura me permiti\u00f3 conocer los alcances de la revista y su colaboraci\u00f3n con otras organizaciones juveniles, tal es el caso de la Red Integral por el Desarrollo Regional; el cual organiz\u00f3 un concurso de ensayos, mediante el cual se nos permiti\u00f3 transmitir nuestros pensamientos y conocimientos, estos se hubieran limitado en su alcance si no hubiera sido por la ayuda de la Revista.<\/p>\n<p>Si me preguntan \u00bfQu\u00e9 es lo que m\u00e1s le gusta de esta revista? dir\u00eda, sin duda alguna, que su impacto acad\u00e9mico y socio cultural. Resulta ser esta una ocasi\u00f3n privilegiada para recapitular sobre lo conseguido, celebrando sus veinte a\u00f1os de creaci\u00f3n, y posicionarse frente al futuro permitiendo seguir abriendo espacios de cultura y conocimiento.<\/p>\n<p>Los art\u00edculos sobre la migraci\u00f3n, se han destacado entre mis favoritos, referirnos a la migraci\u00f3n en un pa\u00eds como el nuestro es de suma importancia, analizar las situaciones por las cuales los guatemaltecos migran en mayor o menor cantidad, sus peculiaridades, y la relevancia que tienen para el bienestar de los hogares, no es una tarea f\u00e1cil; las migraciones pueden ser producidos por m\u00faltiples cambios a nivel econ\u00f3mico, pol\u00edtico-social y demogr\u00e1fico. Saber e informarnos puede crear esfuerzos conjuntos encaminados a resolver las problem\u00e1ticas que aquejan a las y los migrantes.<\/p>\n<p>Para el 20 aniversario de la revista deseo que contin\u00fae en esta ardua labor, que beneficia a todos los que amamos la lectura y deseamos informarnos de lo que acontece en el pa\u00eds a trav\u00e9s de sus l\u00edneas, que encierran siempre franqueza y evidencia de lo que acontece. Que su obra period\u00edstica contin\u00fae creciendo y que sigan logrando triunfos y realizaciones.<\/p>\n<p>Mis buenos deseos en todo momento.<\/p>\n","protected":false},"excerpt":{"rendered":"<p>Irma Yolanda Caal Cabnal, Cob\u00e1n, Alta Verapaz &nbsp; Estimados (as): Revista EntreMundos Reciban un cordial saludo, esperando que todo marche de la mejor manera. Me presento, mi nombre es Irma Yolanda, estudiante de Derecho, apasionada por la lectura y voluntaria en redes de j\u00f3venes. Han pasado muchos a\u00f1os desde que decidieron crear esta revista, durante [&hellip;]<\/p>\n","protected":false},"author":1,"featured_media":9478,"comment_status":"closed","ping_status":"closed","sticky":false,"template":"","format":"standard","meta":{"_exactmetrics_skip_tracking":false,"_exactmetrics_sitenote_active":false,"_exactmetrics_sitenote_note":"","_exactmetrics_sitenote_category":0,"jetpack_post_was_ever_published":false,"_jetpack_newsletter_access":"","_jetpack_dont_email_post_to_subs":false,"_jetpack_newsletter_tier_id":0,"_jetpack_memberships_contains_paywalled_content":false,"_jetpack_memberships_contains_paid_content":false,"footnotes":""},"categories":[452],"tags":[3560,1259,3564,3563,3562,3559,3561],"class_list":["post-9477","post","type-post","status-publish","format-standard","has-post-thumbnail","hentry","category-frontpage","tag-derechos-humanos-xela","tag-entremundos","tag-ongs-xela","tag-periodismo-independiente-guate","tag-periodismo-independiente-xela","tag-revistas-xela","tag-voluntariado-xela"],"jetpack_featured_media_url":"https:\/\/i0.wp.com\/www.entremundos.org\/revista\/wp-content\/uploads\/2022\/02\/271745404_5167436483267713_8298917959144372295_n.jpg?fit=1288%2C1113&ssl=1","jetpack_shortlink":"https:\/\/wp.me\/p7ljt7-2sR","jetpack-related-posts":[{"id":9481,"url":"https:\/\/www.entremundos.org\/revista\/frontpage-en\/firt-place-of-the-contest-letters-to-entremundos-magazine\/?lang=en","url_meta":{"origin":9477,"position":0},"title":"Firt place of the contest: \u00abLetters to EntreMundos Magazine\u00bb","author":"EntreMundos","date":"15 enero, 2022","format":false,"excerpt":"Irma Yolanda Caal Cabnal, Cob\u00e1n, Alta Verapaz Dear EntreMundos Magazine: Receive a cordial greeting, hoping that everything will go in the best way. I introduce myself, my name is Irma Yolanda, a law student, passionate about reading and volunteering in youth networks. Many years have passed since they decided to\u2026","rel":"","context":"En \u00abFrontPage\u00bb","block_context":{"text":"FrontPage","link":"https:\/\/www.entremundos.org\/revista\/category\/frontpage-en\/?lang=en"},"img":{"alt_text":"","src":"https:\/\/i0.wp.com\/www.entremundos.org\/revista\/wp-content\/uploads\/2022\/02\/271745404_5167436483267713_8298917959144372295_n.jpg?fit=1200%2C1037&ssl=1&resize=350%2C200","width":350,"height":200,"srcset":"https:\/\/i0.wp.com\/www.entremundos.org\/revista\/wp-content\/uploads\/2022\/02\/271745404_5167436483267713_8298917959144372295_n.jpg?fit=1200%2C1037&ssl=1&resize=350%2C200 1x, https:\/\/i0.wp.com\/www.entremundos.org\/revista\/wp-content\/uploads\/2022\/02\/271745404_5167436483267713_8298917959144372295_n.jpg?fit=1200%2C1037&ssl=1&resize=525%2C300 1.5x, https:\/\/i0.wp.com\/www.entremundos.org\/revista\/wp-content\/uploads\/2022\/02\/271745404_5167436483267713_8298917959144372295_n.jpg?fit=1200%2C1037&ssl=1&resize=700%2C400 2x, https:\/\/i0.wp.com\/www.entremundos.org\/revista\/wp-content\/uploads\/2022\/02\/271745404_5167436483267713_8298917959144372295_n.jpg?fit=1200%2C1037&ssl=1&resize=1050%2C600 3x"},"classes":[]},{"id":6304,"url":"https:\/\/www.entremundos.org\/revista\/xela-guide\/cultural-activities-for-the-end-of-the-month\/?lang=en","url_meta":{"origin":9477,"position":1},"title":"Cultural Activities for the end of the month","author":"EntreMundos","date":"26 febrero, 2020","format":false,"excerpt":"Thrusday, February 27th: 17:30 hrs. Cian Meetup, Casa No\u2019j, free entrance. 18:45 hrs. Rutas en Ruedas, night rides, Utz Ulew Mall, free. 19:00 hrs. Storytelling, Innovation and Entrepreneourship at El Teatrito Xela, free entrance. Friday, February 28th: 11:00 hrs. Lovers Danceathon at Interplaza Xela. 14:00 hrs. Bird Photography Contest Exhibit\u2026","rel":"","context":"En \u00abThings to Do\u00bb","block_context":{"text":"Things to Do","link":"https:\/\/www.entremundos.org\/revista\/category\/xela-guide\/things-to-do\/?lang=en"},"img":{"alt_text":"","src":"https:\/\/i0.wp.com\/www.entremundos.org\/revista\/wp-content\/uploads\/2018\/11\/teatro.jpg?fit=720%2C481&ssl=1&resize=350%2C200","width":350,"height":200,"srcset":"https:\/\/i0.wp.com\/www.entremundos.org\/revista\/wp-content\/uploads\/2018\/11\/teatro.jpg?fit=720%2C481&ssl=1&resize=350%2C200 1x, https:\/\/i0.wp.com\/www.entremundos.org\/revista\/wp-content\/uploads\/2018\/11\/teatro.jpg?fit=720%2C481&ssl=1&resize=525%2C300 1.5x, https:\/\/i0.wp.com\/www.entremundos.org\/revista\/wp-content\/uploads\/2018\/11\/teatro.jpg?fit=720%2C481&ssl=1&resize=700%2C400 2x"},"classes":[]},{"id":4082,"url":"https:\/\/www.entremundos.org\/revista\/uncategorized\/my-brothers-murder-in-xela\/?lang=en","url_meta":{"origin":9477,"position":2},"title":"My brother&#8217;s murder in Xela","author":"EntreMundos","date":"15 mayo, 2018","format":"video","excerpt":"By Hellen Garc\u00eda My brother was shot in a robbery here in Quetzaltenango's Zone 1 on March 16. After ten days in the hospital, he died. My brother, my companion, my friend, the only confidante of my wildest dreams was gone. And to make matters worse, a police officer asked\u2026","rel":"","context":"En \u00abCulture\u00bb","block_context":{"text":"Culture","link":"https:\/\/www.entremundos.org\/revista\/category\/culture\/?lang=en"},"img":{"alt_text":"","src":"https:\/\/i0.wp.com\/www.entremundos.org\/revista\/wp-content\/uploads\/2018\/05\/captura-de-pantalla-2018-05-15-a-las-8.56.17-am.png?fit=1200%2C613&ssl=1&resize=350%2C200","width":350,"height":200,"srcset":"https:\/\/i0.wp.com\/www.entremundos.org\/revista\/wp-content\/uploads\/2018\/05\/captura-de-pantalla-2018-05-15-a-las-8.56.17-am.png?fit=1200%2C613&ssl=1&resize=350%2C200 1x, https:\/\/i0.wp.com\/www.entremundos.org\/revista\/wp-content\/uploads\/2018\/05\/captura-de-pantalla-2018-05-15-a-las-8.56.17-am.png?fit=1200%2C613&ssl=1&resize=525%2C300 1.5x, https:\/\/i0.wp.com\/www.entremundos.org\/revista\/wp-content\/uploads\/2018\/05\/captura-de-pantalla-2018-05-15-a-las-8.56.17-am.png?fit=1200%2C613&ssl=1&resize=700%2C400 2x, https:\/\/i0.wp.com\/www.entremundos.org\/revista\/wp-content\/uploads\/2018\/05\/captura-de-pantalla-2018-05-15-a-las-8.56.17-am.png?fit=1200%2C613&ssl=1&resize=1050%2C600 3x"},"classes":[]},{"id":6369,"url":"https:\/\/www.entremundos.org\/revista\/xela-guide\/events\/cultural-activities-from-march-12th-to-march-15th\/?lang=en","url_meta":{"origin":9477,"position":3},"title":"Cultural activities from march 12th to march 15th","author":"EntreMundos","date":"11 marzo, 2020","format":false,"excerpt":"Thrusday 12th: 17:30 hrs. Conference The Essence of Forgiveness, Casa No\u2019j. 18:45 hrs. Route on Wheels, Utz Ulew Mall basement 4, free entrance. Friday 13th: 10:00 a 11:00 hrs. Thermoformado course, Victoria Bookstore Xela, Paseo San Jos\u00e9. 19:00 hrs. Play \u201cReturn to the Desert\u201d Teatro Municipal de Quetgo. Saturday 14th:\u2026","rel":"","context":"En \u00abEvents\u00bb","block_context":{"text":"Events","link":"https:\/\/www.entremundos.org\/revista\/category\/xela-guide\/events\/?lang=en"},"img":{"alt_text":"","src":"","width":0,"height":0},"classes":[]},{"id":1838,"url":"https:\/\/www.entremundos.org\/revista\/economy\/guatemala-is-speaking-to-you\/?lang=en","url_meta":{"origin":9477,"position":4},"title":"Guatemala is speaking to YOU","author":"EntreMundos","date":"10 noviembre, 2015","format":false,"excerpt":"By Patricia Mac\u00edas -\u00a0EntreMundos Correspondent Guatemala\u2019s indignation and protests are not limited to the capital. In Xela, people are protesting with the same vigor. The demonstrations that began this past April have united students, families, indigenous leaders, businessmen and women, artists; people of all stripes and social stations are demanding\u2026","rel":"","context":"En \u00abAlternative Economy\u00bb","block_context":{"text":"Alternative Economy","link":"https:\/\/www.entremundos.org\/revista\/category\/economy\/alternative-economy\/?lang=en"},"img":{"alt_text":"","src":"https:\/\/i0.wp.com\/www.entremundos.org\/revista\/wp-content\/uploads\/2015\/11\/vos.jpg?fit=900%2C598&ssl=1&resize=350%2C200","width":350,"height":200,"srcset":"https:\/\/i0.wp.com\/www.entremundos.org\/revista\/wp-content\/uploads\/2015\/11\/vos.jpg?fit=900%2C598&ssl=1&resize=350%2C200 1x, https:\/\/i0.wp.com\/www.entremundos.org\/revista\/wp-content\/uploads\/2015\/11\/vos.jpg?fit=900%2C598&ssl=1&resize=525%2C300 1.5x, https:\/\/i0.wp.com\/www.entremundos.org\/revista\/wp-content\/uploads\/2015\/11\/vos.jpg?fit=900%2C598&ssl=1&resize=700%2C400 2x"},"classes":[]},{"id":9421,"url":"https:\/\/www.entremundos.org\/revista\/uncategorized\/in-our-20th-anniversary-meet-the-entremundos-team\/?lang=en","url_meta":{"origin":9477,"position":5},"title":"In our 20th Anniversary, meet the EntreMundos team","author":"EntreMundos","date":"14 diciembre, 2021","format":false,"excerpt":"We would like to introduce you to each of the members of the EntreMundos family, their Yessica Pastor - Director Yessica has a degree in Local Environmental Management from the Universidad San Carlos de Guatemala and studied Regional Development at FLACSO. She has worked with development and human rights organizations\u2026","rel":"","context":"En \u00ab20 ANNIVERSARY OF ENTREMUNDOS\u00bb","block_context":{"text":"20 ANNIVERSARY OF ENTREMUNDOS","link":"https:\/\/www.entremundos.org\/revista\/tag\/20-anniversary-of-entremundos\/?lang=en"},"img":{"alt_text":"","src":"https:\/\/i0.wp.com\/www.entremundos.org\/revista\/wp-content\/uploads\/2021\/12\/definitivo.png?fit=1200%2C960&ssl=1&resize=350%2C200","width":350,"height":200,"srcset":"https:\/\/i0.wp.com\/www.entremundos.org\/revista\/wp-content\/uploads\/2021\/12\/definitivo.png?fit=1200%2C960&ssl=1&resize=350%2C200 1x, https:\/\/i0.wp.com\/www.entremundos.org\/revista\/wp-content\/uploads\/2021\/12\/definitivo.png?fit=1200%2C960&ssl=1&resize=525%2C300 1.5x, https:\/\/i0.wp.com\/www.entremundos.org\/revista\/wp-content\/uploads\/2021\/12\/definitivo.png?fit=1200%2C960&ssl=1&resize=700%2C400 2x, https:\/\/i0.wp.com\/www.entremundos.org\/revista\/wp-content\/uploads\/2021\/12\/definitivo.png?fit=1200%2C960&ssl=1&resize=1050%2C600 3x"},"classes":[]}],"jetpack_sharing_enabled":true,"_links":{"self":[{"href":"https:\/\/www.entremundos.org\/revista\/wp-json\/wp\/v2\/posts\/9477","targetHints":{"allow":["GET"]}}],"collection":[{"href":"https:\/\/www.entremundos.org\/revista\/wp-json\/wp\/v2\/posts"}],"about":[{"href":"https:\/\/www.entremundos.org\/revista\/wp-json\/wp\/v2\/types\/post"}],"author":[{"embeddable":true,"href":"https:\/\/www.entremundos.org\/revista\/wp-json\/wp\/v2\/users\/1"}],"replies":[{"embeddable":true,"href":"https:\/\/www.entremundos.org\/revista\/wp-json\/wp\/v2\/comments?post=9477"}],"version-history":[{"count":1,"href":"https:\/\/www.entremundos.org\/revista\/wp-json\/wp\/v2\/posts\/9477\/revisions"}],"predecessor-version":[{"id":9480,"href":"https:\/\/www.entremundos.org\/revista\/wp-json\/wp\/v2\/posts\/9477\/revisions\/9480"}],"wp:featuredmedia":[{"embeddable":true,"href":"https:\/\/www.entremundos.org\/revista\/wp-json\/wp\/v2\/media\/9478"}],"wp:attachment":[{"href":"https:\/\/www.entremundos.org\/revista\/wp-json\/wp\/v2\/media?parent=9477"}],"wp:term":[{"taxonomy":"category","embeddable":true,"href":"https:\/\/www.entremundos.org\/revista\/wp-json\/wp\/v2\/categories?post=9477"},{"taxonomy":"post_tag","embeddable":true,"href":"https:\/\/www.entremundos.org\/revista\/wp-json\/wp\/v2\/tags?post=9477"}],"curies":[{"name":"wp","href":"https:\/\/api.w.org\/{rel}","templated":true}]}}