{"id":9487,"date":"2022-01-25T17:04:38","date_gmt":"2022-01-26T01:04:38","guid":{"rendered":"https:\/\/www.entremundos.org\/revista\/?p=9487"},"modified":"2022-02-15T17:36:17","modified_gmt":"2022-02-16T01:36:17","slug":"segundo-lugar-del-concurso-cartas-a-la-revista-entremundos","status":"publish","type":"post","link":"https:\/\/www.entremundos.org\/revista\/frontpage\/segundo-lugar-del-concurso-cartas-a-la-revista-entremundos\/","title":{"rendered":"Segundo lugar del concurso: \u201cCartas a la Revista EntreMundos\u201d"},"content":{"rendered":"<p style=\"text-align: right;\">Jos\u00e9 Erwin Maldonado Olintepeque, Quetzaltenango<\/p>\n<p>Apreciados todos:<\/p>\n<p>Dese\u00e1ndoles el mejor de los d\u00edas, luego de enterarme sobre los 20 a\u00f1os de aniversario de la Revista Entremundos, le externo mi sincera felicitaci\u00f3n por tan noble, dedicada y profesional labor que realizan ustedes a trav\u00e9s de dicha revista que de paso es a mi criterio una de las mejores que circula en Guatemala.<\/p>\n<p>Soy una persona perteneciente a la academia hist\u00f3rica y legal, junto con varios integrantes realizamos an\u00e1lisis de nuestro contexto como pa\u00eds, conoc\u00ed la revista a principios del mes de junio de 2018, fuimos con mi familia al Restaurante la Esquina Asi\u00e1tica, pude obtener la Edici\u00f3n 100 de la misma, la cual me pareci\u00f3 excelente desde que tuve la primera lectura de la misma, desde el contexto y abordaje de los temas, sobretodo sociales, de desarrollo comunitario y de an\u00e1lisis coyuntural local, hasta los temas de ecolog\u00eda y espiritualidad maya. Quiero comentarles como an\u00e9cdota que cuando me enter\u00e9 del Documental que iban a proyectar acera de \u201cLa Republica y las Bananas, la Revoluci\u00f3n y Contrarrevoluci\u00f3n en Guatemala\u201d, el cual se realiz\u00f3 el 10 de septiembre de 2018, precisamente estaba analizando el libro \u201cLa Fruta Amarga, la CIA en Guatemala\u201d de Stephen Sleshinger, mi hija de 8 a\u00f1os en esa \u00e9poca me pregunt\u00f3 de que trataba mi libro y m\u00e1s o menos le explique, me apunt\u00e9 y asist\u00ed a ver el documental, sin embargo mi hija cuando le coment\u00e9 del documental insisti\u00f3 en acompa\u00f1arme, lo cual me pareci\u00f3 extra\u00f1o por su edad, y mi grata sorpresa es que al finalizar el documental y darle la intervenci\u00f3n a los asistentes sobre lo que hab\u00eda visto, mi hija fue la primera en intervenir, y en su intervenci\u00f3n me sorprendi\u00f3 al decir m\u00e1s o menos esto: \u201c\u2026la pel\u00edcula nos dice que Guatemala est\u00e1 gobernada por personas que tienen mucho dinero y hacen lo que quieren\u2026\u201d la persona que est\u00e1 dirigiendo el tema se qued\u00f3 asombrada y yo les puedo decir que no dej\u00e9 de sentirme entre asombrado y un poco avergonzado.<\/p>\n<p>Lo que m\u00e1s me gusta de la Revista es el abordaje de muchos de los temas que tienen desde el contexto de la espiritualidad y cultura maya, me ha parecido muy profundo y profesional como tocan esos temas, ya que sobre esto es casi nulo que se publiquen.<\/p>\n<p>Son muchos los art\u00edculos que han sido muy destacados, en realidad dir\u00eda que casi todos, pero el que me ha gustado m\u00e1s es uno reciente donde se habla del caso de Rosemary Dionicio, sobre recibir educaci\u00f3n en idioma materno K\u2019iche\u2019, me pareci\u00f3 no solo profundo sino emp\u00e1tico, aparte de ser un tema que como ya dije que pocos sectores lo toman en cuenta. Ser\u00eda arriesgado el indicar qu\u00e9 pueden mejorar, porque es una revista excelente, as\u00ed que para m\u00ed todo est\u00e1 bien.<\/p>\n<p>Dese\u00e1ndoles siempre lo mejor me suscribo atentamente.<\/p>\n","protected":false},"excerpt":{"rendered":"<p>Jos\u00e9 Erwin Maldonado Olintepeque, Quetzaltenango Apreciados todos: Dese\u00e1ndoles el mejor de los d\u00edas, luego de enterarme sobre los 20 a\u00f1os de aniversario de la Revista Entremundos, le externo mi sincera felicitaci\u00f3n por tan noble, dedicada y profesional labor que realizan ustedes a trav\u00e9s de dicha revista que de paso es a mi criterio una de [&hellip;]<\/p>\n","protected":false},"author":1,"featured_media":9485,"comment_status":"closed","ping_status":"closed","sticky":false,"template":"","format":"standard","meta":{"_exactmetrics_skip_tracking":false,"_exactmetrics_sitenote_active":false,"_exactmetrics_sitenote_note":"","_exactmetrics_sitenote_category":0,"jetpack_post_was_ever_published":false,"_jetpack_newsletter_access":"","_jetpack_dont_email_post_to_subs":false,"_jetpack_newsletter_tier_id":0,"_jetpack_memberships_contains_paywalled_content":false,"_jetpack_memberships_contains_paid_content":false,"footnotes":""},"categories":[452],"tags":[3572,1259,3405,3455,3573,3562],"class_list":["post-9487","post","type-post","status-publish","format-standard","has-post-thumbnail","hentry","category-frontpage","tag-concursos-xela","tag-entremundos","tag-ong-guatemala","tag-ong-xela-2","tag-periodismo-independiente-guatemala","tag-periodismo-independiente-xela"],"jetpack_featured_media_url":"https:\/\/i0.wp.com\/www.entremundos.org\/revista\/wp-content\/uploads\/2022\/02\/269943850_5093669063977789_6743982736442317436_n.jpg?fit=673%2C452&ssl=1","jetpack_shortlink":"https:\/\/wp.me\/p7ljt7-2t1","jetpack-related-posts":[{"id":9483,"url":"https:\/\/www.entremundos.org\/revista\/frontpage-en\/segundo-lugar-del-concurso-cartas-a-la-revista-entremundos\/?lang=en","url_meta":{"origin":9487,"position":0},"title":"Second place of the contest \u00abLetters to EntreMundos Magazine\u00bb","author":"EntreMundos","date":"25 enero, 2022","format":false,"excerpt":"Jos\u00e9 Erwin Maldonado Olintepeque, Quetzaltenango \u00a0 Dear all: Wishing you the best of days, after learning about the 20th anniversary of Entremundos Magazine, I extend my sincere congratulations for such a noble, dedicated and professional work that you do through this magazine that, in my opinion, is one of the\u2026","rel":"","context":"En \u00abFrontPage\u00bb","block_context":{"text":"FrontPage","link":"https:\/\/www.entremundos.org\/revista\/category\/frontpage-en\/?lang=en"},"img":{"alt_text":"","src":"https:\/\/i0.wp.com\/www.entremundos.org\/revista\/wp-content\/uploads\/2022\/02\/269943850_5093669063977789_6743982736442317436_n.jpg?fit=673%2C452&ssl=1&resize=350%2C200","width":350,"height":200,"srcset":"https:\/\/i0.wp.com\/www.entremundos.org\/revista\/wp-content\/uploads\/2022\/02\/269943850_5093669063977789_6743982736442317436_n.jpg?fit=673%2C452&ssl=1&resize=350%2C200 1x, https:\/\/i0.wp.com\/www.entremundos.org\/revista\/wp-content\/uploads\/2022\/02\/269943850_5093669063977789_6743982736442317436_n.jpg?fit=673%2C452&ssl=1&resize=525%2C300 1.5x"},"classes":[]},{"id":9421,"url":"https:\/\/www.entremundos.org\/revista\/uncategorized\/in-our-20th-anniversary-meet-the-entremundos-team\/?lang=en","url_meta":{"origin":9487,"position":1},"title":"In our 20th Anniversary, meet the EntreMundos team","author":"EntreMundos","date":"14 diciembre, 2021","format":false,"excerpt":"We would like to introduce you to each of the members of the EntreMundos family, their Yessica Pastor - Director Yessica has a degree in Local Environmental Management from the Universidad San Carlos de Guatemala and studied Regional Development at FLACSO. She has worked with development and human rights organizations\u2026","rel":"","context":"En \u00ab20 ANNIVERSARY OF ENTREMUNDOS\u00bb","block_context":{"text":"20 ANNIVERSARY OF ENTREMUNDOS","link":"https:\/\/www.entremundos.org\/revista\/tag\/20-anniversary-of-entremundos\/?lang=en"},"img":{"alt_text":"","src":"https:\/\/i0.wp.com\/www.entremundos.org\/revista\/wp-content\/uploads\/2021\/12\/definitivo.png?fit=1200%2C960&ssl=1&resize=350%2C200","width":350,"height":200,"srcset":"https:\/\/i0.wp.com\/www.entremundos.org\/revista\/wp-content\/uploads\/2021\/12\/definitivo.png?fit=1200%2C960&ssl=1&resize=350%2C200 1x, https:\/\/i0.wp.com\/www.entremundos.org\/revista\/wp-content\/uploads\/2021\/12\/definitivo.png?fit=1200%2C960&ssl=1&resize=525%2C300 1.5x, https:\/\/i0.wp.com\/www.entremundos.org\/revista\/wp-content\/uploads\/2021\/12\/definitivo.png?fit=1200%2C960&ssl=1&resize=700%2C400 2x, https:\/\/i0.wp.com\/www.entremundos.org\/revista\/wp-content\/uploads\/2021\/12\/definitivo.png?fit=1200%2C960&ssl=1&resize=1050%2C600 3x"},"classes":[]},{"id":9288,"url":"https:\/\/www.entremundos.org\/revista\/uncategorized\/celebrating-20-years-of-entremundos\/?lang=en","url_meta":{"origin":9487,"position":2},"title":"Celebrating 20 years of EntreMundos","author":"EntreMundos","date":"1 diciembre, 2021","format":false,"excerpt":"By: Mae Ard\u00f3n, Latin America Programs Coordinator, Gophilanthropic Foundation \u00a0 EntreMundos Association and Gophilanthropic Foundation have maintained a fruitful relationship since 2017. In these years of partnership, we have had the privilege of supporting their small grants program, their training program, their community-volunteering program and more recently, emergency response programs\u2026","rel":"","context":"En \u00abFrontPage\u00bb","block_context":{"text":"FrontPage","link":"https:\/\/www.entremundos.org\/revista\/category\/frontpage-en\/?lang=en"},"img":{"alt_text":"","src":"https:\/\/i0.wp.com\/www.entremundos.org\/revista\/wp-content\/uploads\/2021\/12\/4.jpg?fit=995%2C619&ssl=1&resize=350%2C200","width":350,"height":200,"srcset":"https:\/\/i0.wp.com\/www.entremundos.org\/revista\/wp-content\/uploads\/2021\/12\/4.jpg?fit=995%2C619&ssl=1&resize=350%2C200 1x, https:\/\/i0.wp.com\/www.entremundos.org\/revista\/wp-content\/uploads\/2021\/12\/4.jpg?fit=995%2C619&ssl=1&resize=525%2C300 1.5x, https:\/\/i0.wp.com\/www.entremundos.org\/revista\/wp-content\/uploads\/2021\/12\/4.jpg?fit=995%2C619&ssl=1&resize=700%2C400 2x"},"classes":[]},{"id":9481,"url":"https:\/\/www.entremundos.org\/revista\/frontpage-en\/firt-place-of-the-contest-letters-to-entremundos-magazine\/?lang=en","url_meta":{"origin":9487,"position":3},"title":"Firt place of the contest: \u00abLetters to EntreMundos Magazine\u00bb","author":"EntreMundos","date":"15 enero, 2022","format":false,"excerpt":"Irma Yolanda Caal Cabnal, Cob\u00e1n, Alta Verapaz Dear EntreMundos Magazine: Receive a cordial greeting, hoping that everything will go in the best way. I introduce myself, my name is Irma Yolanda, a law student, passionate about reading and volunteering in youth networks. Many years have passed since they decided to\u2026","rel":"","context":"En \u00abFrontPage\u00bb","block_context":{"text":"FrontPage","link":"https:\/\/www.entremundos.org\/revista\/category\/frontpage-en\/?lang=en"},"img":{"alt_text":"","src":"https:\/\/i0.wp.com\/www.entremundos.org\/revista\/wp-content\/uploads\/2022\/02\/271745404_5167436483267713_8298917959144372295_n.jpg?fit=1200%2C1037&ssl=1&resize=350%2C200","width":350,"height":200,"srcset":"https:\/\/i0.wp.com\/www.entremundos.org\/revista\/wp-content\/uploads\/2022\/02\/271745404_5167436483267713_8298917959144372295_n.jpg?fit=1200%2C1037&ssl=1&resize=350%2C200 1x, https:\/\/i0.wp.com\/www.entremundos.org\/revista\/wp-content\/uploads\/2022\/02\/271745404_5167436483267713_8298917959144372295_n.jpg?fit=1200%2C1037&ssl=1&resize=525%2C300 1.5x, https:\/\/i0.wp.com\/www.entremundos.org\/revista\/wp-content\/uploads\/2022\/02\/271745404_5167436483267713_8298917959144372295_n.jpg?fit=1200%2C1037&ssl=1&resize=700%2C400 2x, https:\/\/i0.wp.com\/www.entremundos.org\/revista\/wp-content\/uploads\/2022\/02\/271745404_5167436483267713_8298917959144372295_n.jpg?fit=1200%2C1037&ssl=1&resize=1050%2C600 3x"},"classes":[]},{"id":1838,"url":"https:\/\/www.entremundos.org\/revista\/economy\/guatemala-is-speaking-to-you\/?lang=en","url_meta":{"origin":9487,"position":4},"title":"Guatemala is speaking to YOU","author":"EntreMundos","date":"10 noviembre, 2015","format":false,"excerpt":"By Patricia Mac\u00edas -\u00a0EntreMundos Correspondent Guatemala\u2019s indignation and protests are not limited to the capital. In Xela, people are protesting with the same vigor. The demonstrations that began this past April have united students, families, indigenous leaders, businessmen and women, artists; people of all stripes and social stations are demanding\u2026","rel":"","context":"En \u00abAlternative Economy\u00bb","block_context":{"text":"Alternative Economy","link":"https:\/\/www.entremundos.org\/revista\/category\/economy\/alternative-economy\/?lang=en"},"img":{"alt_text":"","src":"https:\/\/i0.wp.com\/www.entremundos.org\/revista\/wp-content\/uploads\/2015\/11\/vos.jpg?fit=900%2C598&ssl=1&resize=350%2C200","width":350,"height":200,"srcset":"https:\/\/i0.wp.com\/www.entremundos.org\/revista\/wp-content\/uploads\/2015\/11\/vos.jpg?fit=900%2C598&ssl=1&resize=350%2C200 1x, https:\/\/i0.wp.com\/www.entremundos.org\/revista\/wp-content\/uploads\/2015\/11\/vos.jpg?fit=900%2C598&ssl=1&resize=525%2C300 1.5x, https:\/\/i0.wp.com\/www.entremundos.org\/revista\/wp-content\/uploads\/2015\/11\/vos.jpg?fit=900%2C598&ssl=1&resize=700%2C400 2x"},"classes":[]},{"id":5118,"url":"https:\/\/www.entremundos.org\/revista\/xela-guide\/transportandtravel\/airport-transport-travelling-to-and-from-guatemala-city-private-bus\/?lang=en","url_meta":{"origin":9487,"position":5},"title":"Airport transport &#8211; Travelling to and from Guatemala City (Private bus)","author":"EntreMundos","date":"12 diciembre, 2018","format":false,"excerpt":"One of the only times where you\u2019ll find Chicken Buses at similar prices to private buses. Shuttles to and from Guatemala normally offer more comfort, generally get you there faster as they are direct and tend to drive in a slightly less dangerous fashion! If you are catching a flight\u2026","rel":"","context":"En \u00abTransport and travel\u00bb","block_context":{"text":"Transport and travel","link":"https:\/\/www.entremundos.org\/revista\/category\/xela-guide\/transportandtravel\/?lang=en"},"img":{"alt_text":"","src":"https:\/\/i0.wp.com\/www.entremundos.org\/revista\/wp-content\/uploads\/2018\/12\/una-via.jpg?fit=570%2C457&ssl=1&resize=350%2C200","width":350,"height":200,"srcset":"https:\/\/i0.wp.com\/www.entremundos.org\/revista\/wp-content\/uploads\/2018\/12\/una-via.jpg?fit=570%2C457&ssl=1&resize=350%2C200 1x, https:\/\/i0.wp.com\/www.entremundos.org\/revista\/wp-content\/uploads\/2018\/12\/una-via.jpg?fit=570%2C457&ssl=1&resize=525%2C300 1.5x"},"classes":[]}],"jetpack_sharing_enabled":true,"_links":{"self":[{"href":"https:\/\/www.entremundos.org\/revista\/wp-json\/wp\/v2\/posts\/9487","targetHints":{"allow":["GET"]}}],"collection":[{"href":"https:\/\/www.entremundos.org\/revista\/wp-json\/wp\/v2\/posts"}],"about":[{"href":"https:\/\/www.entremundos.org\/revista\/wp-json\/wp\/v2\/types\/post"}],"author":[{"embeddable":true,"href":"https:\/\/www.entremundos.org\/revista\/wp-json\/wp\/v2\/users\/1"}],"replies":[{"embeddable":true,"href":"https:\/\/www.entremundos.org\/revista\/wp-json\/wp\/v2\/comments?post=9487"}],"version-history":[{"count":1,"href":"https:\/\/www.entremundos.org\/revista\/wp-json\/wp\/v2\/posts\/9487\/revisions"}],"predecessor-version":[{"id":9488,"href":"https:\/\/www.entremundos.org\/revista\/wp-json\/wp\/v2\/posts\/9487\/revisions\/9488"}],"wp:featuredmedia":[{"embeddable":true,"href":"https:\/\/www.entremundos.org\/revista\/wp-json\/wp\/v2\/media\/9485"}],"wp:attachment":[{"href":"https:\/\/www.entremundos.org\/revista\/wp-json\/wp\/v2\/media?parent=9487"}],"wp:term":[{"taxonomy":"category","embeddable":true,"href":"https:\/\/www.entremundos.org\/revista\/wp-json\/wp\/v2\/categories?post=9487"},{"taxonomy":"post_tag","embeddable":true,"href":"https:\/\/www.entremundos.org\/revista\/wp-json\/wp\/v2\/tags?post=9487"}],"curies":[{"name":"wp","href":"https:\/\/api.w.org\/{rel}","templated":true}]}}