{"id":9513,"date":"2022-02-15T17:53:22","date_gmt":"2022-02-16T01:53:22","guid":{"rendered":"https:\/\/www.entremundos.org\/revista\/?p=9513"},"modified":"2022-02-15T17:54:52","modified_gmt":"2022-02-16T01:54:52","slug":"urgencia-de-educacion-integral-en-derechos-sexuales-y-reproductivos","status":"publish","type":"post","link":"https:\/\/www.entremundos.org\/revista\/salud\/urgencia-de-educacion-integral-en-derechos-sexuales-y-reproductivos\/","title":{"rendered":"Urgencia de educaci\u00f3n integral en derechos sexuales y reproductivos"},"content":{"rendered":"<p><strong>Mar\u00eda Fernanda Sandoval<\/strong><\/p>\n<p><strong>Abogada penalista especializada en protecci\u00f3n de la ni\u00f1ez<\/strong><\/p>\n<p>&nbsp;<\/p>\n<p><span style=\"font-weight: 400;\">Los derechos sexuales y reproductivos son Derechos Humanos, con caracter\u00edsticas inherentes, irrenunciables e intransferibles para todo ser humano.\u00a0 Estos se reconocen, a trav\u00e9s de est\u00e1ndares establecidos por las <\/span><span style=\"font-weight: 400;\">Naciones Unidas, especialmente a trav\u00e9s del Marco de asistencia de las Naciones Unidas para el Desarrollo UNDAF.<\/span><\/p>\n<p><span style=\"font-weight: 400;\">Entre los derechos sexuales y reproductivos est\u00e1n: el derecho a <\/span><b>decidir de forma libre<\/b><span style=\"font-weight: 400;\"> aut\u00f3noma e informada sobre la sexualidad y reproducci\u00f3n; derecho a vivir\u00a0 <\/span><b>libre de discriminaci\u00f3n<\/b><span style=\"font-weight: 400;\"> y violencia relacionada con la sexualidad e identidad sexual; derecho de <\/span><b>acceso a la salud<\/b><span style=\"font-weight: 400;\"> sexual y reproductiva; derecho de buscar, recibir y compartir <\/span><b>informaci\u00f3n <\/b><span style=\"font-weight: 400;\">veraz, actualizada, completa, cient\u00edfica y laica sobre la sexualidad; derecho a la <\/span><b>educaci\u00f3n integral en sexualidad<\/b><span style=\"font-weight: 400;\">; derecho a la <\/span><b>integridad\u00a0 e indemnidad <\/b><span style=\"font-weight: 400;\">f\u00edsica, psicol\u00f3gica y sexual;\u00a0 derecho al respeto por la <\/span><b>privacidad e intimidad<\/b><span style=\"font-weight: 400;\">; derecho a <\/span><b>manifestar afecto p\u00fablicamente<\/b><span style=\"font-weight: 400;\">; derecho a <\/span><b>elegir <\/b><span style=\"font-weight: 400;\">a la pareja; derecho a <\/span><b>decidir<\/b><span style=\"font-weight: 400;\"> ser sexualmente activo o no, as\u00ed como a decidir sobre el propio cuerpo y sobre la vida reproductiva; adem\u00e1s del derecho <\/span><b>a relacionarse <\/b><span style=\"font-weight: 400;\">afectiva y er\u00f3ticamente, a trav\u00e9s del mantenimiento y disfrute de las relaciones sexuales consentidas.\u00a0\u00a0<\/span><\/p>\n<p><span style=\"font-weight: 400;\">Si bien, reconocer, promover y respetar estos derechos humanos significan defender al ser en s\u00ed, -dado que la sexualidad es parte esencial de la personalidad del ser humano- en nuestro contexto guatemalteco, estos est\u00e1ndares marcados por la agenda internacional, no llegan ni siquiera a rozarse; e incluso, ante algunos sectores faltos de informaci\u00f3n o empat\u00eda, parecen derechos \u201c<\/span><i><span style=\"font-weight: 400;\">negables\u201d, \u201crenunciables\u201d <\/span><\/i><span style=\"font-weight: 400;\">o<\/span><i><span style=\"font-weight: 400;\"> \u201clibertinos\u201d.\u00a0<\/span><\/i><\/p>\n<p><span style=\"font-weight: 400;\">La meta de protecci\u00f3n y respeto est\u00e1 muy lejos de la realidad nacional. Seg\u00fan muestran algunas estad\u00edsticas nacionales, hist\u00f3ricamente, las personas m\u00e1s afectadas son ni\u00f1as y mujeres j\u00f3venes. Por ejemplo, en los \u00faltimos a\u00f1os en <\/span><span style=\"font-weight: 400;\">los departamentos de Alta Verapaz, Huehuetenango, San Marcos, Pet\u00e9n, Escuintla y Jalapa, una de cada cuatro adolescentes ya son madres o han estado embarazadas<\/span><span style=\"font-weight: 400;\">., hasta junio de dos mil veintiuno sesenta mil ni\u00f1as entre diez y diecinueve a\u00f1os estaban embarazadas. Asimismo, se registra el mayor n\u00famero de casos VIH en mujeres entre los quince y los veinticuatro a\u00f1os.<\/span><\/p>\n<p><span style=\"font-weight: 400;\">La comunidad LGBTQA+, tambi\u00e9n enfrenta terribles vulneraciones a sus derechos. En Guatemala, en tan solo una semana se asesinaron a dos mujeres transg\u00e9nero y un hombre gay, <\/span><span style=\"font-weight: 400;\">debido a su orientaci\u00f3n sexual e identidad de g\u00e9nero. Una de ellas, representante legal y l\u00edder en la defensa de los derechos de las personas <\/span><span style=\"font-weight: 400;\">LGBTQA+<\/span><span style=\"font-weight: 400;\">\u00a0 quien en los \u00faltimos meses, ya hab\u00eda solicitado ayuda por las amenazas transfobicas que recib\u00eda.\u00a0<\/span><\/p>\n<p><span style=\"font-weight: 400;\">Por eso, ante tantos derechos vulnerados, se hace necesario fijar un punto de partida. El<\/span> <span style=\"font-weight: 400;\">principio de la defensa y respeto de los derechos sexuales y reproductivos es la <\/span><span style=\"font-weight: 400;\">educaci\u00f3n integral en sexualidad. Impartirla de forma acorde, integral, veraz, actualizada, completa, cient\u00edfica y laica en las escuelas, colegios e institutos. Apostando por una sociedad educada, con ni\u00f1as y ni\u00f1os que crezcan conscientes de\u00a0 sus derechos de autodeterminaci\u00f3n y consentimiento, para ser una sociedad m\u00e1s libre, justa e igualitaria. La orientaci\u00f3n en temas de educaci\u00f3n sexual y reproductiva, es una alternativa para mejorar la calidad de vida de las y los guatemaltecos.\u00a0<\/span><\/p>\n<p><span style=\"font-weight: 400;\">Seg\u00fan una<\/span><span style=\"font-weight: 400;\">\u00a0<\/span><a href=\"https:\/\/www.guttmacher.org\/es\/report\/es\/politica-de-educacion-sexual-guatemala\"><span style=\"font-weight: 400;\">investigaci\u00f3n<\/span><\/a><span style=\"font-weight: 400;\">, conducida en 2015 por la\u00a0<\/span><a href=\"http:\/\/www.flacso.edu.gt\/\"><span style=\"font-weight: 400;\">Facultad Latinoamericana de Ciencias Sociales-Guatemala (FLACSO-Guatemala)<\/span><\/a><span style=\"font-weight: 400;\">\u00a0y el\u00a0<\/span><a href=\"http:\/\/www.guttmacher.org\/\"><span style=\"font-weight: 400;\">Guttmacher Institute<\/span><\/a><span style=\"font-weight: 400;\">\u00a0con sede en EE.UU, solamente el 7% de las y los estudiantes de 14 a 17 a\u00f1os de edad que fueron encuestados, dijeron que hab\u00eda recibido ense\u00f1anza sobre alguno de los temas que la educaci\u00f3n sexual integral aborda. <\/span><span style=\"font-weight: 400;\">Para mejorar esta condici\u00f3n, s\u00f3lo se necesita ejecutar los proyectos, programas ya establecidos, pues ya existen entidades encargadas de promover pol\u00edticas p\u00fablicas de educaci\u00f3n y prevenci\u00f3n para evitar que se vulneren los derechos sexuales y reproductivos. Algunas de estas entidades son la Secretar\u00eda Contra la Violencia Sexual, Explotaci\u00f3n Y Trata de Personas, la Secretar\u00eda de la Mujer, el Ministerio de Educaci\u00f3n y el Ministerio de Salud.\u00a0<\/span><\/p>\n<p><a href=\"https:\/\/i0.wp.com\/www.entremundos.org\/revista\/wp-content\/uploads\/2022\/02\/23.jpg?ssl=1\"><img data-recalc-dims=\"1\" loading=\"lazy\" decoding=\"async\" class=\"alignright size-large wp-image-9516\" src=\"https:\/\/i0.wp.com\/www.entremundos.org\/revista\/wp-content\/uploads\/2022\/02\/23.jpg?resize=640%2C527&#038;ssl=1\" alt=\"\" width=\"640\" height=\"527\" srcset=\"https:\/\/i0.wp.com\/www.entremundos.org\/revista\/wp-content\/uploads\/2022\/02\/23.jpg?resize=1024%2C844&amp;ssl=1 1024w, https:\/\/i0.wp.com\/www.entremundos.org\/revista\/wp-content\/uploads\/2022\/02\/23.jpg?resize=300%2C247&amp;ssl=1 300w, https:\/\/i0.wp.com\/www.entremundos.org\/revista\/wp-content\/uploads\/2022\/02\/23.jpg?resize=768%2C633&amp;ssl=1 768w, https:\/\/i0.wp.com\/www.entremundos.org\/revista\/wp-content\/uploads\/2022\/02\/23.jpg?resize=1536%2C1266&amp;ssl=1 1536w, https:\/\/i0.wp.com\/www.entremundos.org\/revista\/wp-content\/uploads\/2022\/02\/23.jpg?resize=335%2C276&amp;ssl=1 335w, https:\/\/i0.wp.com\/www.entremundos.org\/revista\/wp-content\/uploads\/2022\/02\/23.jpg?resize=1050%2C865&amp;ssl=1 1050w, https:\/\/i0.wp.com\/www.entremundos.org\/revista\/wp-content\/uploads\/2022\/02\/23.jpg?w=1920&amp;ssl=1 1920w, https:\/\/i0.wp.com\/www.entremundos.org\/revista\/wp-content\/uploads\/2022\/02\/23.jpg?w=1280&amp;ssl=1 1280w\" sizes=\"auto, (max-width: 640px) 100vw, 640px\" \/><\/a><\/p>\n<p><span style=\"font-weight: 400;\">En el mismo sentido, se fundamenta plenamente este derecho en\u00a0 la Ley de acceso universal y equitativo de servicios de planificaci\u00f3n familiar y su integraci\u00f3n en el programa nacional de salud reproductiva, la Ley contra la violencia sexual, explotaci\u00f3n y trata de personas, la Ley general para el combate del virus de inmunodeficiencia humana\u2013VIH y del S\u00edndrome de inmunodeficiencia adquirida-SIDA- y de la promoci\u00f3n, protecci\u00f3n y defensa de los derechos humanos ante el VIH-SIDA, adem\u00e1s de la Ley de protecci\u00f3n integral de la ni\u00f1ez y adolescencia.<\/span><\/p>\n<p><span style=\"font-weight: 400;\">Dise\u00f1ar e implementar un programa nacional de educaci\u00f3n sexual integral, <\/span><span style=\"font-weight: 400;\">permanentemente,supervisado por el Ministerio de Educaci\u00f3n y de alta cobertura territorial es una necesidad latente.. <\/span><span style=\"font-weight: 400;\">Sin embargo, la responsabilidad no queda \u00fanicamente en las autoridades, sino tambi\u00e9n en los padres de familia y la sociedad organizada, quienes tienen el derecho y la obligaci\u00f3n moral de exigirle al Estado.\u00a0 Son alarmantes los casos de padres y madres de familia, que por no saber o no querer tratar los temas de sexualidad no informan a sus ni\u00f1as y ni\u00f1os sobre ello., Nunca nombran ni ense\u00f1an adecuadamente a nombrar las partes \u00edntimas de su cuerpo, ni tampoco explican que son las enfermedades de transmisi\u00f3n sexual, qu\u00e9 es el consentimiento, o que nadie puede tocarlos y vulnerarlos. En muchos casos de violencia sexual cometidos contra ni\u00f1os y adolescentes, las v\u00edctimas ni siquiera\u00a0 saben c\u00f3mo expresar, la agresi\u00f3n, se sienten culpables y, muchas veces estas situaciones los persiguen a\u00fan mayores de edad, pues por desconocer sus derechos, nunca logran denunciarlo ni manifestarlo.\u00a0<\/span><\/p>\n<p><span style=\"font-weight: 400;\">Los casos de familiares y amigos cercanos (progenitores, t\u00edos, abuelos, maestros, jefes) que abusan de la sexualidad de ni\u00f1as, ni\u00f1os, adolescentes y mujeres, son crueles pero ciertos. La falta de educaci\u00f3n sexual y reproductiva perpet\u00faa a la ni\u00f1ez y a la mujer (principalmente) como v\u00edctimas, vulnerando su identidad y libertad sexual y reproductiva. La escasa informaci\u00f3n que se brinda en escuelas p\u00fablicas y colegios privados con frases como \u201c<\/span><i><span style=\"font-weight: 400;\">no al aborto\u201d, \u201cprot\u00e9gete del SIDA\u201d,<\/span><\/i><span style=\"font-weight: 400;\"> (dos de los t\u00f3picos a los que se pretende limitar una extensa cantidad de derechos) no es suficiente.\u00a0<\/span><\/p>\n<p><span style=\"font-weight: 400;\">La sexualidad y la reproducci\u00f3n son derechos b\u00e1sicos del ser humano y es obligaci\u00f3n de los Estados y de sus ciudadanos, hacer cumplir estos derechos, como tambi\u00e9n ser conscientes de la dignidad y el respeto a la integridad del otro, lo cual solo podr\u00e1 hacerse a trav\u00e9s del conocimiento y la educaci\u00f3n. Un curr\u00edculum de alto alcance en educaci\u00f3n sexual integral no deber\u00eda ser materia de discusi\u00f3n, ni mucho menos ser usado como <\/span><i><span style=\"font-weight: 400;\">cortina de humo<\/span><\/i><span style=\"font-weight: 400;\"> para restar importancia a los temas que aquejan al pa\u00eds.\u00a0 Proteger a los ciudadanos y las ciudadanas en sus derechos humanos, no debe ser tema de discusi\u00f3n, la \u00fanica prioridad ahora mismo es hacerlo de forma urgente. <\/span><\/p>\n","protected":false},"excerpt":{"rendered":"<p>Mar\u00eda Fernanda Sandoval Abogada penalista especializada en protecci\u00f3n de la ni\u00f1ez &nbsp; Los derechos sexuales y reproductivos son Derechos Humanos, con caracter\u00edsticas inherentes, irrenunciables e intransferibles para todo ser humano.\u00a0 Estos se reconocen, a trav\u00e9s de est\u00e1ndares establecidos por las Naciones Unidas, especialmente a trav\u00e9s del Marco de asistencia de las Naciones Unidas para el [&hellip;]<\/p>\n","protected":false},"author":1,"featured_media":9514,"comment_status":"closed","ping_status":"closed","sticky":false,"template":"","format":"standard","meta":{"_exactmetrics_skip_tracking":false,"_exactmetrics_sitenote_active":false,"_exactmetrics_sitenote_note":"","_exactmetrics_sitenote_category":0,"jetpack_post_was_ever_published":false,"_jetpack_newsletter_access":"","_jetpack_dont_email_post_to_subs":false,"_jetpack_newsletter_tier_id":0,"_jetpack_memberships_contains_paywalled_content":false,"_jetpack_memberships_contains_paid_content":false,"footnotes":""},"categories":[452,439,382],"tags":[3607,3604,3606,3605,3603],"class_list":["post-9513","post","type-post","status-publish","format-standard","has-post-thumbnail","hentry","category-frontpage","category-juventud","category-salud","tag-derechos-sexuales-jovenes-guatemala","tag-derechos-sexuales-y-reproductivos-guatemala","tag-juventud-y-sexualidad-guatemala","tag-salud-sexual-guatemala","tag-salud-sexual-y-reproductiva-guatemala"],"jetpack_featured_media_url":"https:\/\/i0.wp.com\/www.entremundos.org\/revista\/wp-content\/uploads\/2022\/02\/22-scaled.jpg?fit=2560%2C1707&ssl=1","jetpack_shortlink":"https:\/\/wp.me\/p7ljt7-2tr","jetpack-related-posts":[{"id":12224,"url":"https:\/\/www.entremundos.org\/revista\/mujer\/derechos-sexuales-y-reproductivos-tema-pendiente-en-guatemala\/","url_meta":{"origin":9513,"position":0},"title":"Derechos sexuales y reproductivos; tema pendiente en Guatemala","author":"EntreMundos","date":"15 julio, 2024","format":false,"excerpt":"POR EMMA G\u00d3MEZ Seg\u00fan La Organizaci\u00f3n de las Naciones Unidas de los Derechos Humanos, (ONU-DH), los derechos sexuales y reproductivos est\u00e1n relacionados con la libertad de las personas a decidir sobre su sexualidad y el ejercicio libre de la misma. Algunos derechos pueden ser; ejercer la sexualidad de manera independiente\u2026","rel":"","context":"En \u00abFrontPage\u00bb","block_context":{"text":"FrontPage","link":"https:\/\/www.entremundos.org\/revista\/category\/frontpage\/"},"img":{"alt_text":"","src":"https:\/\/i0.wp.com\/www.entremundos.org\/revista\/wp-content\/uploads\/2024\/07\/444487166_750607893953803_8829963883492089519_n.jpg?fit=1200%2C1158&ssl=1&resize=350%2C200","width":350,"height":200,"srcset":"https:\/\/i0.wp.com\/www.entremundos.org\/revista\/wp-content\/uploads\/2024\/07\/444487166_750607893953803_8829963883492089519_n.jpg?fit=1200%2C1158&ssl=1&resize=350%2C200 1x, https:\/\/i0.wp.com\/www.entremundos.org\/revista\/wp-content\/uploads\/2024\/07\/444487166_750607893953803_8829963883492089519_n.jpg?fit=1200%2C1158&ssl=1&resize=525%2C300 1.5x, https:\/\/i0.wp.com\/www.entremundos.org\/revista\/wp-content\/uploads\/2024\/07\/444487166_750607893953803_8829963883492089519_n.jpg?fit=1200%2C1158&ssl=1&resize=700%2C400 2x, https:\/\/i0.wp.com\/www.entremundos.org\/revista\/wp-content\/uploads\/2024\/07\/444487166_750607893953803_8829963883492089519_n.jpg?fit=1200%2C1158&ssl=1&resize=1050%2C600 3x"},"classes":[]},{"id":11407,"url":"https:\/\/www.entremundos.org\/revista\/politica\/del-papel-a-la-pantalla\/","url_meta":{"origin":9513,"position":1},"title":"Del papel a la pantalla","author":"EntreMundos","date":"10 noviembre, 2023","format":false,"excerpt":"POR EMMA G\u00d3MEZ Dos pa\u00edses golpeados por la corrupci\u00f3n, violaci\u00f3n de los derechos humanos, injusticias, persecuciones y despojos, por mencionar algunos de los males que tienen en com\u00fan Guatemala y El Salvador. El proyecto, Del Papel a la Pantalla, presenta dos propuestas visuales para reflexionar sobre la educaci\u00f3n sexual y\u2026","rel":"","context":"En \u00abAccion Comunitaria\u00bb","block_context":{"text":"Accion Comunitaria","link":"https:\/\/www.entremundos.org\/revista\/category\/politica\/accion-comunitaria-3\/"},"img":{"alt_text":"","src":"https:\/\/i0.wp.com\/www.entremundos.org\/revista\/wp-content\/uploads\/2023\/11\/whatsapp-image-2023-10-23-at-9.54.45-am-2.jpeg?fit=1200%2C800&ssl=1&resize=350%2C200","width":350,"height":200,"srcset":"https:\/\/i0.wp.com\/www.entremundos.org\/revista\/wp-content\/uploads\/2023\/11\/whatsapp-image-2023-10-23-at-9.54.45-am-2.jpeg?fit=1200%2C800&ssl=1&resize=350%2C200 1x, https:\/\/i0.wp.com\/www.entremundos.org\/revista\/wp-content\/uploads\/2023\/11\/whatsapp-image-2023-10-23-at-9.54.45-am-2.jpeg?fit=1200%2C800&ssl=1&resize=525%2C300 1.5x, https:\/\/i0.wp.com\/www.entremundos.org\/revista\/wp-content\/uploads\/2023\/11\/whatsapp-image-2023-10-23-at-9.54.45-am-2.jpeg?fit=1200%2C800&ssl=1&resize=700%2C400 2x, https:\/\/i0.wp.com\/www.entremundos.org\/revista\/wp-content\/uploads\/2023\/11\/whatsapp-image-2023-10-23-at-9.54.45-am-2.jpeg?fit=1200%2C800&ssl=1&resize=1050%2C600 3x"},"classes":[]},{"id":13649,"url":"https:\/\/www.entremundos.org\/revista\/politica\/la-urgencia-de-comprender-la-historia-y-sus-lecciones\/","url_meta":{"origin":9513,"position":2},"title":"La urgencia de comprender la historia y sus lecciones","author":"EntreMundos","date":"4 abril, 2026","format":false,"excerpt":"POR JUAN JOS\u00c9 HURTADO PAZ En los \u00faltimos meses se escuchan voces que defienden la intervenci\u00f3n imperialista yanqui contra Venezuela con el argumento aparentemente simple y moralizante: hab\u00eda una dictadura y deb\u00eda ser removida. Bajo esta narrativa, la intervenci\u00f3n externa se presenta como una acci\u00f3n necesaria, casi humanitaria, destinada a\u2026","rel":"","context":"En \u00abFrontPage\u00bb","block_context":{"text":"FrontPage","link":"https:\/\/www.entremundos.org\/revista\/category\/frontpage\/"},"img":{"alt_text":"","src":"","width":0,"height":0},"classes":[]},{"id":12734,"url":"https:\/\/www.entremundos.org\/revista\/politica\/deportacion-desinformacion-y-desafio-el-impacto-global-de-la-agenda-migratoria-de-trump\/","url_meta":{"origin":9513,"position":3},"title":"Deportaci\u00f3n, desinformaci\u00f3n y desaf\u00edo: El impacto global de la agenda migratoria de Trump","author":"EntreMundos","date":"17 marzo, 2025","format":false,"excerpt":"POR PATRICIA SCHWARTZ Unas 60 personas se sientan en un c\u00edrculo de sillas plegables un jueves por la noche en Tucson, Arizona, una ciudad estadounidense a una hora de la frontera con M\u00e9xico. La reuni\u00f3n semanal de la Coalici\u00f3n de Derechos Humanos se lleva a cabo en gran parte, en\u2026","rel":"","context":"En \u00abFrontPage\u00bb","block_context":{"text":"FrontPage","link":"https:\/\/www.entremundos.org\/revista\/category\/frontpage\/"},"img":{"alt_text":"","src":"https:\/\/i0.wp.com\/www.entremundos.org\/revista\/wp-content\/uploads\/2025\/03\/475088469_3067398756762538_3045668992826805668_n.jpg?fit=1100%2C666&ssl=1&resize=350%2C200","width":350,"height":200,"srcset":"https:\/\/i0.wp.com\/www.entremundos.org\/revista\/wp-content\/uploads\/2025\/03\/475088469_3067398756762538_3045668992826805668_n.jpg?fit=1100%2C666&ssl=1&resize=350%2C200 1x, https:\/\/i0.wp.com\/www.entremundos.org\/revista\/wp-content\/uploads\/2025\/03\/475088469_3067398756762538_3045668992826805668_n.jpg?fit=1100%2C666&ssl=1&resize=525%2C300 1.5x, https:\/\/i0.wp.com\/www.entremundos.org\/revista\/wp-content\/uploads\/2025\/03\/475088469_3067398756762538_3045668992826805668_n.jpg?fit=1100%2C666&ssl=1&resize=700%2C400 2x, https:\/\/i0.wp.com\/www.entremundos.org\/revista\/wp-content\/uploads\/2025\/03\/475088469_3067398756762538_3045668992826805668_n.jpg?fit=1100%2C666&ssl=1&resize=1050%2C600 3x"},"classes":[]},{"id":12488,"url":"https:\/\/www.entremundos.org\/revista\/politica\/de-la-lucha-a-la-agricultura-en-las-montanas-de-guatemala\/","url_meta":{"origin":9513,"position":4},"title":"De la lucha a la agricultura en las monta\u00f1as de Guatemala","author":"EntreMundos","date":"13 noviembre, 2024","format":false,"excerpt":"POR JONATHAN LOTT A la sombra de las monta\u00f1as selv\u00e1ticas de Guatemala, anta\u00f1o cargadas del espectro del conflicto, el olor del caf\u00e9 flota en el aire. Una generaci\u00f3n despu\u00e9s del hist\u00f3rico acuerdo de paz que puso fin a la guerra civil guatemalteca (1960-1996), decenas de exguerrilleros trabajan ahora la tierra\u2026","rel":"","context":"En \u00abFrontPage\u00bb","block_context":{"text":"FrontPage","link":"https:\/\/www.entremundos.org\/revista\/category\/frontpage\/"},"img":{"alt_text":"","src":"https:\/\/i0.wp.com\/www.entremundos.org\/revista\/wp-content\/uploads\/2024\/11\/anita2-e1731543808410.jpg?fit=910%2C671&ssl=1&resize=350%2C200","width":350,"height":200,"srcset":"https:\/\/i0.wp.com\/www.entremundos.org\/revista\/wp-content\/uploads\/2024\/11\/anita2-e1731543808410.jpg?fit=910%2C671&ssl=1&resize=350%2C200 1x, https:\/\/i0.wp.com\/www.entremundos.org\/revista\/wp-content\/uploads\/2024\/11\/anita2-e1731543808410.jpg?fit=910%2C671&ssl=1&resize=525%2C300 1.5x, https:\/\/i0.wp.com\/www.entremundos.org\/revista\/wp-content\/uploads\/2024\/11\/anita2-e1731543808410.jpg?fit=910%2C671&ssl=1&resize=700%2C400 2x"},"classes":[]},{"id":13241,"url":"https:\/\/www.entremundos.org\/revista\/politica\/crimen-de-estado-primera-sentencia\/","url_meta":{"origin":9513,"position":5},"title":"Crimen De Estado: Primera Sentencia\u00a0","author":"EntreMundos","date":"17 septiembre, 2025","format":false,"excerpt":"Por Carolina Escobar Sarti Durante el gobierno de Jimmy Morales se cometi\u00f3 un crimen de Estado. Fue el 8 de marzo de 2017, cuando 56 ni\u00f1as y adolescentes fueron colocadas, por horas, en un aula de 7 x 6.8 metros donde no hab\u00eda ni siquiera un ba\u00f1o. Despu\u00e9s del desayuno\u2026","rel":"","context":"En \u00abFrontPage\u00bb","block_context":{"text":"FrontPage","link":"https:\/\/www.entremundos.org\/revista\/category\/frontpage\/"},"img":{"alt_text":"","src":"https:\/\/i0.wp.com\/www.entremundos.org\/revista\/wp-content\/uploads\/2025\/09\/img66.jpg?fit=960%2C1200&ssl=1&resize=350%2C200","width":350,"height":200,"srcset":"https:\/\/i0.wp.com\/www.entremundos.org\/revista\/wp-content\/uploads\/2025\/09\/img66.jpg?fit=960%2C1200&ssl=1&resize=350%2C200 1x, https:\/\/i0.wp.com\/www.entremundos.org\/revista\/wp-content\/uploads\/2025\/09\/img66.jpg?fit=960%2C1200&ssl=1&resize=525%2C300 1.5x, https:\/\/i0.wp.com\/www.entremundos.org\/revista\/wp-content\/uploads\/2025\/09\/img66.jpg?fit=960%2C1200&ssl=1&resize=700%2C400 2x"},"classes":[]}],"jetpack_sharing_enabled":true,"_links":{"self":[{"href":"https:\/\/www.entremundos.org\/revista\/wp-json\/wp\/v2\/posts\/9513","targetHints":{"allow":["GET"]}}],"collection":[{"href":"https:\/\/www.entremundos.org\/revista\/wp-json\/wp\/v2\/posts"}],"about":[{"href":"https:\/\/www.entremundos.org\/revista\/wp-json\/wp\/v2\/types\/post"}],"author":[{"embeddable":true,"href":"https:\/\/www.entremundos.org\/revista\/wp-json\/wp\/v2\/users\/1"}],"replies":[{"embeddable":true,"href":"https:\/\/www.entremundos.org\/revista\/wp-json\/wp\/v2\/comments?post=9513"}],"version-history":[{"count":1,"href":"https:\/\/www.entremundos.org\/revista\/wp-json\/wp\/v2\/posts\/9513\/revisions"}],"predecessor-version":[{"id":9518,"href":"https:\/\/www.entremundos.org\/revista\/wp-json\/wp\/v2\/posts\/9513\/revisions\/9518"}],"wp:featuredmedia":[{"embeddable":true,"href":"https:\/\/www.entremundos.org\/revista\/wp-json\/wp\/v2\/media\/9514"}],"wp:attachment":[{"href":"https:\/\/www.entremundos.org\/revista\/wp-json\/wp\/v2\/media?parent=9513"}],"wp:term":[{"taxonomy":"category","embeddable":true,"href":"https:\/\/www.entremundos.org\/revista\/wp-json\/wp\/v2\/categories?post=9513"},{"taxonomy":"post_tag","embeddable":true,"href":"https:\/\/www.entremundos.org\/revista\/wp-json\/wp\/v2\/tags?post=9513"}],"curies":[{"name":"wp","href":"https:\/\/api.w.org\/{rel}","templated":true}]}}