{"id":9525,"date":"2022-02-20T19:15:15","date_gmt":"2022-02-21T03:15:15","guid":{"rendered":"https:\/\/www.entremundos.org\/revista\/?p=9525"},"modified":"2022-02-24T19:21:46","modified_gmt":"2022-02-25T03:21:46","slug":"corazon-de-los-ninos-impulsando-la-alimentacion-saludable","status":"publish","type":"post","link":"https:\/\/www.entremundos.org\/revista\/economia\/seguridad-alimentaria\/corazon-de-los-ninos-impulsando-la-alimentacion-saludable\/","title":{"rendered":"Coraz\u00f3n de los Ni\u00f1os: Impulsando la alimentaci\u00f3n saludable"},"content":{"rendered":"<p>Hoy en d\u00eda, la demanda y el consumo de productos org\u00e1nicos y\/o artesanales ha ido creciendo gracias a aquellas personas que quieren mejorar sus h\u00e1bitos de alimentaci\u00f3n o que necesitan una dieta especial. Estos productos son valorados por los m\u00faltiples beneficios que aportan al organismo y son alimentos de buena calidad porque no contienen, o contienen pocas sustancias qu\u00edmicas. La leche de soya, es una bebida que puede ser producida de manera artesanal y que est\u00e1 siendo utilizada como suplemento alimenticio por su baja concentraci\u00f3n en grasa, y por sus nutrientes como vitaminas y minerales que ayudan a mantener los niveles de colesterol, aportando prote\u00ednas y reforzando el sistema inmunol\u00f3gico.<\/p>\n<p>En Guatemala la leche de soya artesanal est\u00e1 siendo fabricada por algunas empresas pero tambi\u00e9n por grupos y\/o organizaciones locales ubicadas en diferentes regiones del pa\u00eds. La Asociaci\u00f3n Coraz\u00f3n de los Ni\u00f1os, es una de las organizaciones comunitarias que ha apostado por la elaboraci\u00f3n de este producto. Esta asociaci\u00f3n busca ayudar a ni\u00f1os y ni\u00f1as de escasos recursos que se encuentran en edad escolar en temas de educaci\u00f3n, salud y seguridad alimentaria y nutricional. La asociaci\u00f3n ha estado trabajando aproximadamente desde hace 30 a\u00f1os en las comunidades de San Pedro las Huertas Antigua Guatemala, en San Miguel Due\u00f1as y en Santo Tomas Milpas Altas, en el departamento de Sacatep\u00e9quez.<\/p>\n<p>Sus programas han sido dise\u00f1ados de acuerdo a las necesidades de las familias: en el programa de educaci\u00f3n, se brindan becas escolares a ni\u00f1os y ni\u00f1as de escasos recursos; en el programa de emprendimiento se busca la creaci\u00f3n\u00a0 de emprendimientos y la mejora de las condiciones econ\u00f3micas de los beneficiarios y, en el programa de salud se prestan servicios b\u00e1sicos tales como atenci\u00f3n m\u00e9dica y psicol\u00f3gica, laboratorio y\u00a0 farmacia. Adem\u00e1s, a trav\u00e9s de su programa de nutrici\u00f3n se busca minimizar la tasa de mortalidad infantil, ofreciendo capacitaciones a las familias para mejorar el estado nutricional de los ni\u00f1os y ni\u00f1as.<\/p>\n<p>La Asociaci\u00f3n Coraz\u00f3n de los Ni\u00f1os tambi\u00e9n quiere disminuir los \u00edndices de desnutrici\u00f3n infantil en la localidad y por ello han puesto en marcha el proyecto \u201cComo bien, crezco sano\u201d el cual consiste en la elaboraci\u00f3n y distribuci\u00f3n de leche de soya para contribuir a la calidad de alimentaci\u00f3n de ni\u00f1os y ni\u00f1as que presentan alg\u00fan grado de desnutrici\u00f3n, mejorando su desarrollo f\u00edsico y mental.<\/p>\n<p>Lilian Martinez Directora de la Asociaci\u00f3n, explica que la bebida de soya <em>\u201ces un alimento que contiene nutrientes que favorecen al crecimiento de los ni\u00f1os y ni\u00f1as que presentan bajo peso, el consumirlo puede ayudarlos a tener un mejor rendimiento escolar y tambi\u00e9n contribuye a la disminuci\u00f3n de los \u00edndices de desnutrici\u00f3n en el pa\u00eds\u201d.<\/em>\u00a0 A trav\u00e9s de var\u00edas gestiones, Coraz\u00f3n de los Ni\u00f1os recibi\u00f3 el apoyo de una agencia de cooperaci\u00f3n internacional para construir su peque\u00f1a planta de producci\u00f3n de leche de soya. A tres a\u00f1os de la implementaci\u00f3n del proyecto se han obtenido logros significativos, brindando alimentos de alto valor nutritivo a las familias. Actualmente, se est\u00e1 desarrollando el proceso de pasteurizaci\u00f3n, saborizaci\u00f3n y envasado de la bebida para poder comercializarla. De esta manera, se espera que las utilidades se reinviertan en los programas de la asociaci\u00f3n. Esto permitir\u00e1 que m\u00e1s ni\u00f1os y ni\u00f1as contin\u00faen sus estudios de nivel pre primario, primario y b\u00e1sico.<\/p>\n<p>A largo plazo esperan que la leche de soya sea una bebida 100% org\u00e1nica y que cumpla con todas las\u00a0 medidas necesarias para generar mayor demanda e impulsar su comercializaci\u00f3n a un precio accesible. Adem\u00e1s, se espera beneficiar laboralmente a las personas de la comunidad a trav\u00e9s de las diferentes etapas de la elaboraci\u00f3n del producto. La idea es aprovechar todos los derivados del grano de la soya para procesarlo y convertirlo en harina y okara (pulpa de soya), producto que es utilizado en la elaboraci\u00f3n de alimentos.<\/p>\n","protected":false},"excerpt":{"rendered":"<p>Hoy en d\u00eda, la demanda y el consumo de productos org\u00e1nicos y\/o artesanales ha ido creciendo gracias a aquellas personas que quieren mejorar sus h\u00e1bitos de alimentaci\u00f3n o que necesitan una dieta especial. Estos productos son valorados por los m\u00faltiples beneficios que aportan al organismo y son alimentos de buena calidad porque no contienen, o [&hellip;]<\/p>\n","protected":false},"author":1,"featured_media":9526,"comment_status":"closed","ping_status":"closed","sticky":false,"template":"","format":"standard","meta":{"_exactmetrics_skip_tracking":false,"_exactmetrics_sitenote_active":false,"_exactmetrics_sitenote_note":"","_exactmetrics_sitenote_category":0,"jetpack_post_was_ever_published":false,"_jetpack_newsletter_access":"","_jetpack_dont_email_post_to_subs":false,"_jetpack_newsletter_tier_id":0,"_jetpack_memberships_contains_paywalled_content":false,"_jetpack_memberships_contains_paid_content":false,"footnotes":""},"categories":[452,405],"tags":[3616,3615,3617,3614,3618],"class_list":["post-9525","post","type-post","status-publish","format-standard","has-post-thumbnail","hentry","category-frontpage","category-seguridad-alimentaria","tag-corazon-de-los-ninos-guatemala","tag-leche-de-soya-guatemala","tag-ongs-antigua-guatemala","tag-seguridad-alimentaria-guatemala","tag-voluntariado-antigua-guatemala"],"jetpack_featured_media_url":"https:\/\/i0.wp.com\/www.entremundos.org\/revista\/wp-content\/uploads\/2022\/02\/13-scaled.jpg?fit=2560%2C1920&ssl=1","jetpack_shortlink":"https:\/\/wp.me\/p7ljt7-2tD","jetpack-related-posts":[{"id":13644,"url":"https:\/\/www.entremundos.org\/revista\/politica\/fortaleciendo-la-comunidad-desde-dentro-un-nuevo-capitulo-para-caras-alegres\/","url_meta":{"origin":9525,"position":0},"title":"Fortaleciendo la comunidad desde dentro: Un nuevo cap\u00edtulo para Caras Alegres","author":"EntreMundos","date":"4 abril, 2026","format":false,"excerpt":"POR VER\u00d3NICA DI MAGGIO Caras Alegres reabri\u00f3 sus puertas con una renovada claridad y enfoque estrat\u00e9gico. Despu\u00e9s de meses dedicados a la evaluaci\u00f3n y planificaci\u00f3n, este 2026 inicia no simplemente como un nuevo a\u00f1o operativo, sino como una expansi\u00f3n estructurada de nuestro impacto comunitario. El a\u00f1o pasado demostr\u00f3 que el\u2026","rel":"","context":"En \u00abFrontPage\u00bb","block_context":{"text":"FrontPage","link":"https:\/\/www.entremundos.org\/revista\/category\/frontpage\/"},"img":{"alt_text":"","src":"https:\/\/i0.wp.com\/www.entremundos.org\/revista\/wp-content\/uploads\/2026\/03\/633353323_1320877706749036_6826896970194983908_n.jpg?fit=1200%2C963&ssl=1&resize=350%2C200","width":350,"height":200,"srcset":"https:\/\/i0.wp.com\/www.entremundos.org\/revista\/wp-content\/uploads\/2026\/03\/633353323_1320877706749036_6826896970194983908_n.jpg?fit=1200%2C963&ssl=1&resize=350%2C200 1x, https:\/\/i0.wp.com\/www.entremundos.org\/revista\/wp-content\/uploads\/2026\/03\/633353323_1320877706749036_6826896970194983908_n.jpg?fit=1200%2C963&ssl=1&resize=525%2C300 1.5x, https:\/\/i0.wp.com\/www.entremundos.org\/revista\/wp-content\/uploads\/2026\/03\/633353323_1320877706749036_6826896970194983908_n.jpg?fit=1200%2C963&ssl=1&resize=700%2C400 2x, https:\/\/i0.wp.com\/www.entremundos.org\/revista\/wp-content\/uploads\/2026\/03\/633353323_1320877706749036_6826896970194983908_n.jpg?fit=1200%2C963&ssl=1&resize=1050%2C600 3x"},"classes":[]},{"id":12734,"url":"https:\/\/www.entremundos.org\/revista\/politica\/deportacion-desinformacion-y-desafio-el-impacto-global-de-la-agenda-migratoria-de-trump\/","url_meta":{"origin":9525,"position":1},"title":"Deportaci\u00f3n, desinformaci\u00f3n y desaf\u00edo: El impacto global de la agenda migratoria de Trump","author":"EntreMundos","date":"17 marzo, 2025","format":false,"excerpt":"POR PATRICIA SCHWARTZ Unas 60 personas se sientan en un c\u00edrculo de sillas plegables un jueves por la noche en Tucson, Arizona, una ciudad estadounidense a una hora de la frontera con M\u00e9xico. La reuni\u00f3n semanal de la Coalici\u00f3n de Derechos Humanos se lleva a cabo en gran parte, en\u2026","rel":"","context":"En \u00abFrontPage\u00bb","block_context":{"text":"FrontPage","link":"https:\/\/www.entremundos.org\/revista\/category\/frontpage\/"},"img":{"alt_text":"","src":"https:\/\/i0.wp.com\/www.entremundos.org\/revista\/wp-content\/uploads\/2025\/03\/475088469_3067398756762538_3045668992826805668_n.jpg?fit=1100%2C666&ssl=1&resize=350%2C200","width":350,"height":200,"srcset":"https:\/\/i0.wp.com\/www.entremundos.org\/revista\/wp-content\/uploads\/2025\/03\/475088469_3067398756762538_3045668992826805668_n.jpg?fit=1100%2C666&ssl=1&resize=350%2C200 1x, https:\/\/i0.wp.com\/www.entremundos.org\/revista\/wp-content\/uploads\/2025\/03\/475088469_3067398756762538_3045668992826805668_n.jpg?fit=1100%2C666&ssl=1&resize=525%2C300 1.5x, https:\/\/i0.wp.com\/www.entremundos.org\/revista\/wp-content\/uploads\/2025\/03\/475088469_3067398756762538_3045668992826805668_n.jpg?fit=1100%2C666&ssl=1&resize=700%2C400 2x, https:\/\/i0.wp.com\/www.entremundos.org\/revista\/wp-content\/uploads\/2025\/03\/475088469_3067398756762538_3045668992826805668_n.jpg?fit=1100%2C666&ssl=1&resize=1050%2C600 3x"},"classes":[]},{"id":13250,"url":"https:\/\/www.entremundos.org\/revista\/politica\/pymes-migracion-y-el-reto-de-la-informalidad-en-guatemala-una-economia-que-resiste-desde-abajo\/","url_meta":{"origin":9525,"position":2},"title":"PYMES, migraci\u00f3n y el reto de la informalidad en Guatemala: Una econom\u00eda que resiste desde abajo","author":"EntreMundos","date":"17 septiembre, 2025","format":false,"excerpt":"Por Alexander Castillo Este art\u00edculo analiza el papel crucial que juegan las Peque\u00f1as y Medianas Empresas (PYMES) y la migraci\u00f3n en la econom\u00eda guatemalteca. Con base en datos actuales, se resalta que m\u00e1s del 90\u202f% de las empresas del pa\u00eds son peque\u00f1as o medianas, y que las remesas representan cerca\u2026","rel":"","context":"En \u00abFrontPage\u00bb","block_context":{"text":"FrontPage","link":"https:\/\/www.entremundos.org\/revista\/category\/frontpage\/"},"img":{"alt_text":"","src":"","width":0,"height":0},"classes":[]},{"id":12488,"url":"https:\/\/www.entremundos.org\/revista\/politica\/de-la-lucha-a-la-agricultura-en-las-montanas-de-guatemala\/","url_meta":{"origin":9525,"position":3},"title":"De la lucha a la agricultura en las monta\u00f1as de Guatemala","author":"EntreMundos","date":"13 noviembre, 2024","format":false,"excerpt":"POR JONATHAN LOTT A la sombra de las monta\u00f1as selv\u00e1ticas de Guatemala, anta\u00f1o cargadas del espectro del conflicto, el olor del caf\u00e9 flota en el aire. Una generaci\u00f3n despu\u00e9s del hist\u00f3rico acuerdo de paz que puso fin a la guerra civil guatemalteca (1960-1996), decenas de exguerrilleros trabajan ahora la tierra\u2026","rel":"","context":"En \u00abFrontPage\u00bb","block_context":{"text":"FrontPage","link":"https:\/\/www.entremundos.org\/revista\/category\/frontpage\/"},"img":{"alt_text":"","src":"https:\/\/i0.wp.com\/www.entremundos.org\/revista\/wp-content\/uploads\/2024\/11\/anita2-e1731543808410.jpg?fit=910%2C671&ssl=1&resize=350%2C200","width":350,"height":200,"srcset":"https:\/\/i0.wp.com\/www.entremundos.org\/revista\/wp-content\/uploads\/2024\/11\/anita2-e1731543808410.jpg?fit=910%2C671&ssl=1&resize=350%2C200 1x, https:\/\/i0.wp.com\/www.entremundos.org\/revista\/wp-content\/uploads\/2024\/11\/anita2-e1731543808410.jpg?fit=910%2C671&ssl=1&resize=525%2C300 1.5x, https:\/\/i0.wp.com\/www.entremundos.org\/revista\/wp-content\/uploads\/2024\/11\/anita2-e1731543808410.jpg?fit=910%2C671&ssl=1&resize=700%2C400 2x"},"classes":[]},{"id":12859,"url":"https:\/\/www.entremundos.org\/revista\/politica\/mujeres-indigenas-y-rurales-en-defensa-del-territorio-frente-al-extractivismo-en-guatemala\/","url_meta":{"origin":9525,"position":4},"title":"Mujeres ind\u00edgenas y rurales en defensa del territorio frente al extractivismo en Guatemala","author":"EntreMundos","date":"21 mayo, 2025","format":false,"excerpt":"Por Asociadas Por lo Justo (JASS) Este es un resumen de un mapeo realizado por JASS, para compartir sus an\u00e1lisis, sus luchas y los impactos en sus vidas. El objetivo es contar las luchas por el territorio frente al extractivismo en Guatemala e identificar el papel y el impacto en\u2026","rel":"","context":"En \u00abFrontPage\u00bb","block_context":{"text":"FrontPage","link":"https:\/\/www.entremundos.org\/revista\/category\/frontpage\/"},"img":{"alt_text":"","src":"https:\/\/i0.wp.com\/www.entremundos.org\/revista\/wp-content\/uploads\/2025\/05\/2-scaled.png?fit=1200%2C843&ssl=1&resize=350%2C200","width":350,"height":200,"srcset":"https:\/\/i0.wp.com\/www.entremundos.org\/revista\/wp-content\/uploads\/2025\/05\/2-scaled.png?fit=1200%2C843&ssl=1&resize=350%2C200 1x, https:\/\/i0.wp.com\/www.entremundos.org\/revista\/wp-content\/uploads\/2025\/05\/2-scaled.png?fit=1200%2C843&ssl=1&resize=525%2C300 1.5x, https:\/\/i0.wp.com\/www.entremundos.org\/revista\/wp-content\/uploads\/2025\/05\/2-scaled.png?fit=1200%2C843&ssl=1&resize=700%2C400 2x, https:\/\/i0.wp.com\/www.entremundos.org\/revista\/wp-content\/uploads\/2025\/05\/2-scaled.png?fit=1200%2C843&ssl=1&resize=1050%2C600 3x"},"classes":[]},{"id":11500,"url":"https:\/\/www.entremundos.org\/revista\/frontpage\/desarrollo-y-turismo-comunitario\/","url_meta":{"origin":9525,"position":5},"title":"Desarrollo y turismo comunitario","author":"EntreMundos","date":"11 diciembre, 2023","format":false,"excerpt":"POR ADAFIS Y ASODIL\u00a0 En Guatemala se pueden disfrutar de experiencias inolvidables en cada recorrido que se haga en el pa\u00eds; pues \u00e9ste es de los pa\u00edses con mayores atractivos naturales en Centroam\u00e9rica. Como muestra, te presentamos dos proyectos exitosos de turismo comunitario; ADAFIS y ASODIL. Iniciamos el recorrido en\u2026","rel":"","context":"En \u00abFrontPage\u00bb","block_context":{"text":"FrontPage","link":"https:\/\/www.entremundos.org\/revista\/category\/frontpage\/"},"img":{"alt_text":"","src":"https:\/\/i0.wp.com\/www.entremundos.org\/revista\/wp-content\/uploads\/2023\/12\/foto-asodil-.jpg?fit=480%2C360&ssl=1&resize=350%2C200","width":350,"height":200},"classes":[]}],"jetpack_sharing_enabled":true,"_links":{"self":[{"href":"https:\/\/www.entremundos.org\/revista\/wp-json\/wp\/v2\/posts\/9525","targetHints":{"allow":["GET"]}}],"collection":[{"href":"https:\/\/www.entremundos.org\/revista\/wp-json\/wp\/v2\/posts"}],"about":[{"href":"https:\/\/www.entremundos.org\/revista\/wp-json\/wp\/v2\/types\/post"}],"author":[{"embeddable":true,"href":"https:\/\/www.entremundos.org\/revista\/wp-json\/wp\/v2\/users\/1"}],"replies":[{"embeddable":true,"href":"https:\/\/www.entremundos.org\/revista\/wp-json\/wp\/v2\/comments?post=9525"}],"version-history":[{"count":1,"href":"https:\/\/www.entremundos.org\/revista\/wp-json\/wp\/v2\/posts\/9525\/revisions"}],"predecessor-version":[{"id":9528,"href":"https:\/\/www.entremundos.org\/revista\/wp-json\/wp\/v2\/posts\/9525\/revisions\/9528"}],"wp:featuredmedia":[{"embeddable":true,"href":"https:\/\/www.entremundos.org\/revista\/wp-json\/wp\/v2\/media\/9526"}],"wp:attachment":[{"href":"https:\/\/www.entremundos.org\/revista\/wp-json\/wp\/v2\/media?parent=9525"}],"wp:term":[{"taxonomy":"category","embeddable":true,"href":"https:\/\/www.entremundos.org\/revista\/wp-json\/wp\/v2\/categories?post=9525"},{"taxonomy":"post_tag","embeddable":true,"href":"https:\/\/www.entremundos.org\/revista\/wp-json\/wp\/v2\/tags?post=9525"}],"curies":[{"name":"wp","href":"https:\/\/api.w.org\/{rel}","templated":true}]}}