{"id":9774,"date":"2022-05-10T22:24:19","date_gmt":"2022-05-11T06:24:19","guid":{"rendered":"https:\/\/www.entremundos.org\/revista\/?p=9774"},"modified":"2022-05-23T06:07:10","modified_gmt":"2022-05-23T14:07:10","slug":"un-grito-de-libertad-y-justicia-para-juana","status":"publish","type":"post","link":"https:\/\/www.entremundos.org\/revista\/politica\/un-grito-de-libertad-y-justicia-para-juana\/","title":{"rendered":"Juana Alonzo logra su libertad y regresa a Guatemala"},"content":{"rendered":"<p><span style=\"font-weight: 400;\">Por Mar\u00eda Jos\u00e9 Longo<\/span><\/p>\n<p>Luego de varias manifestaciones para exigir justicia, Juana Alonzo, migrante guatemalteca maya chuj que estuvo detenida ilegalmente en M\u00e9xico por siete a\u00f1os, regres\u00f3 a su comunidad.<\/p>\n<p>En el 2014, sali\u00f3 de San Mateo Ixtat\u00e1n, Huehuetenango, con el prop\u00f3sito de llegar a Estados Unidos. El\u00a0<em>coyote<\/em>\u00a0la resguardo en una vivienda en donde junto a otras dos mujeres fue obligada a trabajar, hasta que una de las v\u00edctimas denunci\u00f3. La polic\u00eda mexicana la se\u00f1al\u00f3 como c\u00f3mplice de los secuestradores, Juana no entend\u00eda lo que pasaba y tampoco pudo comunicarse con las autoridades porque solo pod\u00eda hablar en su idioma materno chuj.<\/p>\n<p>\u201cYo soy inmigrante, no soy secuestradora, por ignorancia as\u00ed me pas\u00f3. No hubo un traductor, no hubo nadie. No est\u00e1 mi consulado conmigo, por eso se aprovecharon todos de m\u00ed, pero ahora gracias a Dios estoy libre\u201d, dijo Juana.<\/p>\n<p>En el Aeropuerto Internacional La Aurora, la recibieron sus familiares con flores y una manta grande que siempre estuvo presente en las marchas para exigir su libertad.<\/p>\n<p>\u201cOjal\u00e1 que se haga justicia a todos, pas\u00e9 muchos a\u00f1os en la c\u00e1rcel, cuando uno no tiene papeles est\u00e1 bien dif\u00edcil. Estoy muy agradecida con mi familia y mi municipio que lucharon por m\u00ed\u201d, cont\u00f3 la migrante.<\/p>\n<p>Como Juana no hablaba espa\u00f1ol la obligaron a firmar una declaraci\u00f3n en la que se incrimin\u00f3 y estuvo siete a\u00f1os en una c\u00e1rcel de Reynosa, Tamaulipas, M\u00e9xico. En Guatemala organizaciones y personas se unieron para no dejarla sola y exigir justicia.<\/p>\n<p>Aunque el Grupo de Trabajo sobre Detenci\u00f3n Arbitraria del Consejo de Derechos Humanos de las Naciones Unidas, determin\u00f3 que la detenci\u00f3n de Juana fue arbitraria y recomend\u00f3 su libertad, familiares,\u00a0 amigas y amigos de Juana tuvieron que manifestar en el consulado mexicano de Quetzaltenango y unirse a la Caravana de Madres Migrantes Desaparecidos y Desaparecidas, hasta que el Gobierno de M\u00e9xico cumpli\u00f3.<\/p>\n<p><a href=\"https:\/\/i0.wp.com\/www.entremundos.org\/revista\/wp-content\/uploads\/2022\/05\/juanita-2-a-color--scaled.jpg?ssl=1\"><img data-recalc-dims=\"1\" loading=\"lazy\" decoding=\"async\" class=\"alignright size-large wp-image-9777\" src=\"https:\/\/i0.wp.com\/www.entremundos.org\/revista\/wp-content\/uploads\/2022\/05\/juanita-2-a-color-.jpg?resize=640%2C427&#038;ssl=1\" alt=\"\" width=\"640\" height=\"427\" srcset=\"https:\/\/i0.wp.com\/www.entremundos.org\/revista\/wp-content\/uploads\/2022\/05\/juanita-2-a-color--scaled.jpg?resize=1024%2C683&amp;ssl=1 1024w, https:\/\/i0.wp.com\/www.entremundos.org\/revista\/wp-content\/uploads\/2022\/05\/juanita-2-a-color--scaled.jpg?resize=300%2C200&amp;ssl=1 300w, https:\/\/i0.wp.com\/www.entremundos.org\/revista\/wp-content\/uploads\/2022\/05\/juanita-2-a-color--scaled.jpg?resize=768%2C512&amp;ssl=1 768w, https:\/\/i0.wp.com\/www.entremundos.org\/revista\/wp-content\/uploads\/2022\/05\/juanita-2-a-color--scaled.jpg?resize=1536%2C1024&amp;ssl=1 1536w, https:\/\/i0.wp.com\/www.entremundos.org\/revista\/wp-content\/uploads\/2022\/05\/juanita-2-a-color--scaled.jpg?resize=2048%2C1365&amp;ssl=1 2048w, https:\/\/i0.wp.com\/www.entremundos.org\/revista\/wp-content\/uploads\/2022\/05\/juanita-2-a-color--scaled.jpg?resize=335%2C223&amp;ssl=1 335w, https:\/\/i0.wp.com\/www.entremundos.org\/revista\/wp-content\/uploads\/2022\/05\/juanita-2-a-color--scaled.jpg?resize=1050%2C700&amp;ssl=1 1050w, https:\/\/i0.wp.com\/www.entremundos.org\/revista\/wp-content\/uploads\/2022\/05\/juanita-2-a-color--scaled.jpg?w=1280&amp;ssl=1 1280w, https:\/\/i0.wp.com\/www.entremundos.org\/revista\/wp-content\/uploads\/2022\/05\/juanita-2-a-color--scaled.jpg?w=1920&amp;ssl=1 1920w\" sizes=\"auto, (max-width: 640px) 100vw, 640px\" \/><\/a><\/p>\n<h3>Marcha del 8M<\/h3>\n<p><span style=\"font-weight: 400;\">La ma\u00f1ana del 8 de marzo un grupo de mujeres caminaron 2.5 kil\u00f3metros desde el parque central de Quetzaltenango hasta el consulado mexicano. Era el D\u00eda Internacional de la Mujer y ellas coincid\u00edan en una lucha: exigir la libertad de Juana Alonzo. <\/span><\/p>\n<p><span style=\"font-weight: 400;\">Ana G\u00f3mez, t\u00eda pol\u00edtica de Juana, habl\u00f3 mientras sosten\u00eda flores en una mano y en la otra una manta con el mensaje: Libertad para Juana. La t\u00eda se uni\u00f3 a las mujeres y hombres que conmemoraron el D\u00eda Internacional de la Mujer en una marcha para exigir justicia.\u00a0<\/span><\/p>\n<p><a href=\"https:\/\/i0.wp.com\/www.entremundos.org\/revista\/wp-content\/uploads\/2022\/05\/juanita-8-a-color-scaled.jpg?ssl=1\"><img data-recalc-dims=\"1\" loading=\"lazy\" decoding=\"async\" class=\"alignright size-large wp-image-9781\" src=\"https:\/\/i0.wp.com\/www.entremundos.org\/revista\/wp-content\/uploads\/2022\/05\/juanita-8-a-color.jpg?resize=640%2C427&#038;ssl=1\" alt=\"\" width=\"640\" height=\"427\" srcset=\"https:\/\/i0.wp.com\/www.entremundos.org\/revista\/wp-content\/uploads\/2022\/05\/juanita-8-a-color-scaled.jpg?resize=1024%2C683&amp;ssl=1 1024w, https:\/\/i0.wp.com\/www.entremundos.org\/revista\/wp-content\/uploads\/2022\/05\/juanita-8-a-color-scaled.jpg?resize=300%2C200&amp;ssl=1 300w, https:\/\/i0.wp.com\/www.entremundos.org\/revista\/wp-content\/uploads\/2022\/05\/juanita-8-a-color-scaled.jpg?resize=768%2C512&amp;ssl=1 768w, https:\/\/i0.wp.com\/www.entremundos.org\/revista\/wp-content\/uploads\/2022\/05\/juanita-8-a-color-scaled.jpg?resize=1536%2C1024&amp;ssl=1 1536w, https:\/\/i0.wp.com\/www.entremundos.org\/revista\/wp-content\/uploads\/2022\/05\/juanita-8-a-color-scaled.jpg?resize=2048%2C1365&amp;ssl=1 2048w, https:\/\/i0.wp.com\/www.entremundos.org\/revista\/wp-content\/uploads\/2022\/05\/juanita-8-a-color-scaled.jpg?resize=335%2C223&amp;ssl=1 335w, https:\/\/i0.wp.com\/www.entremundos.org\/revista\/wp-content\/uploads\/2022\/05\/juanita-8-a-color-scaled.jpg?resize=1050%2C700&amp;ssl=1 1050w, https:\/\/i0.wp.com\/www.entremundos.org\/revista\/wp-content\/uploads\/2022\/05\/juanita-8-a-color-scaled.jpg?w=1280&amp;ssl=1 1280w, https:\/\/i0.wp.com\/www.entremundos.org\/revista\/wp-content\/uploads\/2022\/05\/juanita-8-a-color-scaled.jpg?w=1920&amp;ssl=1 1920w\" sizes=\"auto, (max-width: 640px) 100vw, 640px\" \/><\/a><\/p>\n<p><span style=\"font-weight: 400;\">\u201cTienen que dejar libre a Juanita, la discriminaron, la torturaron y no hay evidencia para que est\u00e9 presa. Es mucha injusticia, las mujeres tenemos derechos y venimos a exigirlos para Juanita. Que ella se sienta feliz porque venimos a apoyarla, venimos a exigir su libertad. Que no se sienta triste, sino orgullosa de ser mujer y de que nosotras vengamos a exigir por ella\u201d, dijo Ana.\u00a0\u00a0<\/span><\/p>\n<p><span style=\"font-weight: 400;\">Las mujeres que conmemoraron el D\u00eda Internacional de la Mujer con una muestra de solidaridad hacia Juanita, como la llaman, suspendieron sus actividades diarias para unirse a la protesta. La mayor\u00eda viaj\u00f3 en autob\u00fas por 10 horas desde su comunidad hasta Quetzaltenango.\u00a0<\/span><\/p>\n<p><span style=\"font-weight: 400;\">\u201cJuanita ha perdido su juventud; en ese tiempo, ninguna mujer debe sufrir eso y todas estamos unidas para esta causa. Es un caso emblem\u00e1tico que realmente demuestra que en Guatemala y en otros pa\u00edses no se reconoce, ni se visibiliza el hecho de ser maya ind\u00edgena y hablar un idioma. Es prioritario que se nos atienda en ese idioma y no en espa\u00f1ol o castellano. Juanita no est\u00e1 sola\u201d, dijo una vecina de San Mateo Ixtat\u00e1n, Huehuetenango.<\/span><\/p>\n<p><span style=\"font-weight: 400;\">De acuerdo con el Censo 2018 de Guatemala, en San Mateo Ixtat\u00e1n, el municipio natal de Juana, 88 de cada 100 personas habla chuj, 9 de cada 10 son ind\u00edgenas y el 60% de las mujeres mayas no saben leer, ni escribir. En la actualidad Juana tiene una int\u00e9rprete que viaja a M\u00e9xico para acompa\u00f1arla en las diligencias.\u00a0\u00a0\u00a0<\/span><\/p>\n<p><span style=\"font-weight: 400;\">Las mujeres que caminaron hasta el consulado mexicano iban con carteles y flores que alzaban mientras gritaban: \u201cEstamos con Juanita\u201d, \u201cmujeres luchando, el mundo va cambiando\u201d, \u201cqueremos justicia para Juanita\u201d.\u00a0\u00a0\u00a0\u00a0<\/span><\/p>\n<p><b>\u00bfPor qu\u00e9 al consulado?<\/b><\/p>\n<p><span style=\"font-weight: 400;\">Paula Barrios, coordinadora de la asociaci\u00f3n Mujeres Transformando el Mundo, relat\u00f3 que Juana sufre f\u00edsica y psicol\u00f3gicamente al estar en prisi\u00f3n en un pa\u00eds que desconoce y en donde no tiene acceso a expresarse en su idioma materno.<\/span><\/p>\n<p><span style=\"font-weight: 400;\">\u201cLo que nosotras esperamos del consulado es que abran las puertas para generar comunicaci\u00f3n entre la familia y el sistema de justicia mexicano, sobre todo el que est\u00e1 llevando el proceso legal en Reynosa, para que la familia pueda contribuir y tener conocimiento de primera mano de lo que sucede en el proceso. El derecho es muy formalista y si se pasan las etapas luego es muy dif\u00edcil, puede afectar a Juana por no tener claridad de cu\u00e1les son los pasos a seguir\u201d, explic\u00f3 Paula.\u00a0<\/span><\/p>\n<p><span style=\"font-weight: 400;\">Hasta el 8 de marzo de 2022, Mujeres Transformando el Mundo ten\u00edan claro que hab\u00eda tres posibilidades en el proceso de Juanita: la primera es que se abra a juicio y se procese, ya que ella es acusada de secuestro. Una segunda posibilidad es que la defensa y el Ministerio P\u00fablico de M\u00e9xico soliciten el sobreseimiento y se culmine con el proceso. Otra es que se logre la libertad inmediata en base a una detenci\u00f3n ilegal.\u00a0<\/span><\/p>\n<p><a href=\"https:\/\/i0.wp.com\/www.entremundos.org\/revista\/wp-content\/uploads\/2022\/05\/juanita-1-a-color--scaled.jpg?ssl=1\"><img data-recalc-dims=\"1\" loading=\"lazy\" decoding=\"async\" class=\"alignright size-large wp-image-9775\" src=\"https:\/\/i0.wp.com\/www.entremundos.org\/revista\/wp-content\/uploads\/2022\/05\/juanita-1-a-color-.jpg?resize=640%2C427&#038;ssl=1\" alt=\"\" width=\"640\" height=\"427\" srcset=\"https:\/\/i0.wp.com\/www.entremundos.org\/revista\/wp-content\/uploads\/2022\/05\/juanita-1-a-color--scaled.jpg?resize=1024%2C683&amp;ssl=1 1024w, https:\/\/i0.wp.com\/www.entremundos.org\/revista\/wp-content\/uploads\/2022\/05\/juanita-1-a-color--scaled.jpg?resize=300%2C200&amp;ssl=1 300w, https:\/\/i0.wp.com\/www.entremundos.org\/revista\/wp-content\/uploads\/2022\/05\/juanita-1-a-color--scaled.jpg?resize=768%2C512&amp;ssl=1 768w, https:\/\/i0.wp.com\/www.entremundos.org\/revista\/wp-content\/uploads\/2022\/05\/juanita-1-a-color--scaled.jpg?resize=1536%2C1024&amp;ssl=1 1536w, https:\/\/i0.wp.com\/www.entremundos.org\/revista\/wp-content\/uploads\/2022\/05\/juanita-1-a-color--scaled.jpg?resize=2048%2C1365&amp;ssl=1 2048w, https:\/\/i0.wp.com\/www.entremundos.org\/revista\/wp-content\/uploads\/2022\/05\/juanita-1-a-color--scaled.jpg?resize=335%2C223&amp;ssl=1 335w, https:\/\/i0.wp.com\/www.entremundos.org\/revista\/wp-content\/uploads\/2022\/05\/juanita-1-a-color--scaled.jpg?resize=1050%2C700&amp;ssl=1 1050w, https:\/\/i0.wp.com\/www.entremundos.org\/revista\/wp-content\/uploads\/2022\/05\/juanita-1-a-color--scaled.jpg?w=1280&amp;ssl=1 1280w, https:\/\/i0.wp.com\/www.entremundos.org\/revista\/wp-content\/uploads\/2022\/05\/juanita-1-a-color--scaled.jpg?w=1920&amp;ssl=1 1920w\" sizes=\"auto, (max-width: 640px) 100vw, 640px\" \/><\/a><\/p>\n<p><b>Un reencuentro virtual familiar<\/b><\/p>\n<p><span style=\"font-weight: 400;\">Desde el 2014 y desde que migr\u00f3, su familia no hab\u00eda visto el rostro de Juanita, pero en febrero de 2022 las organizaciones que apoyan el caso gestionaron una video llamada. De nuevo, por medio de una pantalla, se vieron.\u00a0\u00a0<\/span><\/p>\n<p><span style=\"font-weight: 400;\">Vecinas que participaron en la manifestaci\u00f3n contaron a EntreMundos que comprenden a la familia de Juana porque tienen familiares que migraron y saben de muchos otros casos de guatemaltecas y guatemaltecos que han desaparecido o muerto mientras intentan llegar a Estados Unidos. El factor com\u00fan es salir de Guatemala para darle un futuro diferente a sus familiares que viven sin oportunidades.\u00a0<\/span><\/p>\n<p><span style=\"font-weight: 400;\">De enero de 2019 a diciembre de 2021, a Guatemala retornaron 31 mil 307 personas que pretend\u00edan llegar a Estados Unidos desde Huehuetenango. En el \u00faltimo a\u00f1o, 2021, de las personas retornadas, 22 de cada 100 fueron mujeres. As\u00ed lo establece la Unidad de Informaci\u00f3n para los pa\u00edses del norte de Centroam\u00e9rica de la Organizaci\u00f3n Internacional para las Migraciones (OIM).<\/span><\/p>\n<p><span style=\"font-weight: 400;\">La familia de Juana Alonzo Santizo cont\u00f3 a Prensa Comunitaria que han invertido m\u00e1s de Q150 mil en la lucha por la libertad de ella, pero la respuesta ha sido negativa. Pedro, hermano de Juanita, migr\u00f3 en el 2015 hacia Estados Unidos, en donde estuvo seis a\u00f1os. Apoy\u00f3 econ\u00f3micamente a su familia con el sue\u00f1o de ver libre a su hermana, pero hasta ahora no se ha concretado.\u00a0\u00a0\u00a0<\/span><\/p>\n<p><span style=\"font-weight: 400;\">\u201cMigr\u00e9 para apoyar econ\u00f3micamente el caso, porque mi pap\u00e1 trabaja en el campo, lo que gana era insuficiente\u201d, indic\u00f3 Pedro a Prensa Comunitaria.\u00a0<\/span><\/p>\n<p><a href=\"https:\/\/i0.wp.com\/www.entremundos.org\/revista\/wp-content\/uploads\/2022\/05\/juanita-5-a-color--scaled.jpg?ssl=1\"><img data-recalc-dims=\"1\" loading=\"lazy\" decoding=\"async\" class=\"alignright size-large wp-image-9779\" src=\"https:\/\/i0.wp.com\/www.entremundos.org\/revista\/wp-content\/uploads\/2022\/05\/juanita-5-a-color-.jpg?resize=640%2C427&#038;ssl=1\" alt=\"\" width=\"640\" height=\"427\" srcset=\"https:\/\/i0.wp.com\/www.entremundos.org\/revista\/wp-content\/uploads\/2022\/05\/juanita-5-a-color--scaled.jpg?resize=1024%2C683&amp;ssl=1 1024w, https:\/\/i0.wp.com\/www.entremundos.org\/revista\/wp-content\/uploads\/2022\/05\/juanita-5-a-color--scaled.jpg?resize=300%2C200&amp;ssl=1 300w, https:\/\/i0.wp.com\/www.entremundos.org\/revista\/wp-content\/uploads\/2022\/05\/juanita-5-a-color--scaled.jpg?resize=768%2C512&amp;ssl=1 768w, https:\/\/i0.wp.com\/www.entremundos.org\/revista\/wp-content\/uploads\/2022\/05\/juanita-5-a-color--scaled.jpg?resize=1536%2C1024&amp;ssl=1 1536w, https:\/\/i0.wp.com\/www.entremundos.org\/revista\/wp-content\/uploads\/2022\/05\/juanita-5-a-color--scaled.jpg?resize=2048%2C1365&amp;ssl=1 2048w, https:\/\/i0.wp.com\/www.entremundos.org\/revista\/wp-content\/uploads\/2022\/05\/juanita-5-a-color--scaled.jpg?resize=335%2C223&amp;ssl=1 335w, https:\/\/i0.wp.com\/www.entremundos.org\/revista\/wp-content\/uploads\/2022\/05\/juanita-5-a-color--scaled.jpg?resize=1050%2C700&amp;ssl=1 1050w, https:\/\/i0.wp.com\/www.entremundos.org\/revista\/wp-content\/uploads\/2022\/05\/juanita-5-a-color--scaled.jpg?w=1280&amp;ssl=1 1280w, https:\/\/i0.wp.com\/www.entremundos.org\/revista\/wp-content\/uploads\/2022\/05\/juanita-5-a-color--scaled.jpg?w=1920&amp;ssl=1 1920w\" sizes=\"auto, (max-width: 640px) 100vw, 640px\" \/><\/a><\/p>\n<p><span style=\"font-weight: 400;\">Pedro tambi\u00e9n relat\u00f3 que hace 10 a\u00f1os, Catarina Santizo, la madre, se quem\u00f3, por lo que su salud es complicada. \u201cHemos invertido dinero en medicina para mi mam\u00e1, pero no se cura; tambi\u00e9n para los gastos de la casa y m\u00e1s los gastos por el caso de Juana\u201d, cont\u00f3 el hermano de 27 a\u00f1os.<\/span><\/p>\n<p><span style=\"font-weight: 400;\">Adem\u00e1s de las acciones legales y manifestaciones, la organizaci\u00f3n Promotores de la Liberaci\u00f3n Migrante promueve una campa\u00f1a en las redes sociales por medio de cual invita a hacer publicaciones con el #LibertadParaJuanita. En Guatemala y otros pa\u00edses diferentes personas se han sumado a la demanda.<\/span><\/p>\n<p><span style=\"font-weight: 400;\">Las mujeres y hombres de diferentes territorios, etnias y clases sociales que demandan la libertad de Juanita, hacen un llamado\u00a0 al sistema de justicia de M\u00e9xico para que agilice el proceso y ella pueda regresar a su hogar. Tambi\u00e9n esperan que la historia no se repita y que el acceso a la justicia en todos los pa\u00edses sea en el idioma materno, que es un derecho humano en materia ling\u00fc\u00edstica.\u00a0<\/span><\/p>\n<h2><strong>La demanda contin\u00faa<\/strong><\/h2>\n<p>Familiares y amigos de Juanita viajaron a M\u00e9xico para acompa\u00f1ar la Caravana de Madres Migrantes Desaparecidos y Desaparecidas.<\/p>\n<div class=\"fb-video\" data-allowfullscreen=\"true\" data-href=\"https:\/\/www.facebook.com\/liberacionmigrante\/videos\/1209207066515867\" style=\"background-color: #fff; display: inline-block;\"><\/div>\n","protected":false},"excerpt":{"rendered":"<p>Por Mar\u00eda Jos\u00e9 Longo Luego de varias manifestaciones para exigir justicia, Juana Alonzo, migrante guatemalteca maya chuj que estuvo detenida ilegalmente en M\u00e9xico por siete a\u00f1os, regres\u00f3 a su comunidad. En el 2014, sali\u00f3 de San Mateo Ixtat\u00e1n, Huehuetenango, con el prop\u00f3sito de llegar a Estados Unidos. El\u00a0coyote\u00a0la resguardo en una vivienda en donde junto [&hellip;]<\/p>\n","protected":false},"author":1,"featured_media":9908,"comment_status":"closed","ping_status":"closed","sticky":false,"template":"","format":"standard","meta":{"_exactmetrics_skip_tracking":false,"_exactmetrics_sitenote_active":false,"_exactmetrics_sitenote_note":"","_exactmetrics_sitenote_category":0,"jetpack_post_was_ever_published":false,"_jetpack_newsletter_access":"","_jetpack_dont_email_post_to_subs":false,"_jetpack_newsletter_tier_id":0,"_jetpack_memberships_contains_paywalled_content":false,"_jetpack_memberships_contains_paid_content":false,"footnotes":""},"categories":[402,452,439,456,386,378],"tags":[3768,3767,3769,3763,3762,3764,3770,3765,3766],"class_list":["post-9774","post","type-post","status-publish","format-standard","has-post-thumbnail","hentry","category-accion-comunitaria-3","category-frontpage","category-juventud","category-migration","category-mujer","category-politica","tag-8-de-marzo-quetzaltenango","tag-caso-de-juana-alonzo","tag-consulado-mexicano-en-quetzaltenango","tag-juana-alonzo","tag-juanita","tag-migrante-guatemalteca-retenida-en-mexico","tag-migrantes-guatemala-mexico","tag-migrantes-que-no-hablan-espanol","tag-mujeres-migrantes-guatemala"],"jetpack_featured_media_url":"https:\/\/i0.wp.com\/www.entremundos.org\/revista\/wp-content\/uploads\/2022\/05\/juanita-es-libre.png?fit=853%2C569&ssl=1","jetpack_shortlink":"https:\/\/wp.me\/p7ljt7-2xE","jetpack-related-posts":[{"id":9784,"url":"https:\/\/www.entremundos.org\/revista\/women\/a-cry-for-liberty-and-justice-for-juana\/?lang=en","url_meta":{"origin":9774,"position":0},"title":"A cry for liberty and justice for Juana","author":"EntreMundos","date":"10 mayo, 2022","format":false,"excerpt":"Mar\u00eda Jos\u00e9 Longo On the morning of March 8, a group of women walked 2.5 km from Quetzaltenango\u2019s central park to the Mexican consulate. It was International Women\u2019s Day, and they had come together to fight, demanding the freedom of Juana Alonzo, a migrant who has been detained in Mexico\u2026","rel":"","context":"En \u00abCommunity Action\u00bb","block_context":{"text":"Community Action","link":"https:\/\/www.entremundos.org\/revista\/category\/politics\/community-action-en-2\/?lang=en"},"img":{"alt_text":"","src":"https:\/\/i0.wp.com\/www.entremundos.org\/revista\/wp-content\/uploads\/2022\/05\/juanita-es-libre.png?fit=853%2C569&ssl=1&resize=350%2C200","width":350,"height":200,"srcset":"https:\/\/i0.wp.com\/www.entremundos.org\/revista\/wp-content\/uploads\/2022\/05\/juanita-es-libre.png?fit=853%2C569&ssl=1&resize=350%2C200 1x, https:\/\/i0.wp.com\/www.entremundos.org\/revista\/wp-content\/uploads\/2022\/05\/juanita-es-libre.png?fit=853%2C569&ssl=1&resize=525%2C300 1.5x, https:\/\/i0.wp.com\/www.entremundos.org\/revista\/wp-content\/uploads\/2022\/05\/juanita-es-libre.png?fit=853%2C569&ssl=1&resize=700%2C400 2x"},"classes":[]},{"id":10833,"url":"https:\/\/www.entremundos.org\/revista\/politica\/violencia-contra-las-mujeres-dominio-masculino-en-la-politica\/","url_meta":{"origin":9774,"position":1},"title":"Violencia contra las mujeres: dominio masculino en la pol\u00edtica","author":"EntreMundos","date":"29 mayo, 2023","format":false,"excerpt":"Silvia Lilian Trujillo La violencia pol\u00edtica es sistem\u00e1tica y permanente, se produce para inhibir, ralentizar o restringir la participaci\u00f3n pol\u00edtica de mujeres, en el marco de un sistema que se resiste a aceptar su igualdad de derechos. Mientras no se trabaje para acabar con esta violencia espec\u00edfica la calidad de\u2026","rel":"","context":"En \u00abFrontPage\u00bb","block_context":{"text":"FrontPage","link":"https:\/\/www.entremundos.org\/revista\/category\/frontpage\/"},"img":{"alt_text":"","src":"https:\/\/i0.wp.com\/www.entremundos.org\/revista\/wp-content\/uploads\/2023\/05\/000_16w772-1.jpg?fit=1200%2C799&ssl=1&resize=350%2C200","width":350,"height":200,"srcset":"https:\/\/i0.wp.com\/www.entremundos.org\/revista\/wp-content\/uploads\/2023\/05\/000_16w772-1.jpg?fit=1200%2C799&ssl=1&resize=350%2C200 1x, https:\/\/i0.wp.com\/www.entremundos.org\/revista\/wp-content\/uploads\/2023\/05\/000_16w772-1.jpg?fit=1200%2C799&ssl=1&resize=525%2C300 1.5x, https:\/\/i0.wp.com\/www.entremundos.org\/revista\/wp-content\/uploads\/2023\/05\/000_16w772-1.jpg?fit=1200%2C799&ssl=1&resize=700%2C400 2x, https:\/\/i0.wp.com\/www.entremundos.org\/revista\/wp-content\/uploads\/2023\/05\/000_16w772-1.jpg?fit=1200%2C799&ssl=1&resize=1050%2C600 3x"},"classes":[]},{"id":13250,"url":"https:\/\/www.entremundos.org\/revista\/politica\/pymes-migracion-y-el-reto-de-la-informalidad-en-guatemala-una-economia-que-resiste-desde-abajo\/","url_meta":{"origin":9774,"position":2},"title":"PYMES, migraci\u00f3n y el reto de la informalidad en Guatemala: Una econom\u00eda que resiste desde abajo","author":"EntreMundos","date":"17 septiembre, 2025","format":false,"excerpt":"Por Alexander Castillo Este art\u00edculo analiza el papel crucial que juegan las Peque\u00f1as y Medianas Empresas (PYMES) y la migraci\u00f3n en la econom\u00eda guatemalteca. Con base en datos actuales, se resalta que m\u00e1s del 90\u202f% de las empresas del pa\u00eds son peque\u00f1as o medianas, y que las remesas representan cerca\u2026","rel":"","context":"En \u00abFrontPage\u00bb","block_context":{"text":"FrontPage","link":"https:\/\/www.entremundos.org\/revista\/category\/frontpage\/"},"img":{"alt_text":"","src":"","width":0,"height":0},"classes":[]},{"id":10588,"url":"https:\/\/www.entremundos.org\/revista\/politica\/ley-de-mujeres-desaparecidas\/","url_meta":{"origin":9774,"position":3},"title":"Ley de mujeres desaparecidas","author":"EntreMundos","date":"9 marzo, 2023","format":false,"excerpt":"Emma G\u00f3mez\u00a0 En Guatemala, cada d\u00eda desaparecen unas 5 mujeres. La desaparici\u00f3n de mujeres est\u00e1 ligada fuertemente con alg\u00fan tipo de violencia de g\u00e9nero.\u00a0 Hace 3 a\u00f1os se implement\u00f3 un mecanismo de b\u00fasqueda inmediata de mujeres desaparecidas, Isabel-Claudina, mecanismo que tiene como base la Ley de Mujeres Desaparecidas que fue\u2026","rel":"","context":"En \u00abFrontPage\u00bb","block_context":{"text":"FrontPage","link":"https:\/\/www.entremundos.org\/revista\/category\/frontpage\/"},"img":{"alt_text":"","src":"https:\/\/i0.wp.com\/www.entremundos.org\/revista\/wp-content\/uploads\/2023\/03\/isable-claudina-justicia.png?fit=1200%2C789&ssl=1&resize=350%2C200","width":350,"height":200,"srcset":"https:\/\/i0.wp.com\/www.entremundos.org\/revista\/wp-content\/uploads\/2023\/03\/isable-claudina-justicia.png?fit=1200%2C789&ssl=1&resize=350%2C200 1x, https:\/\/i0.wp.com\/www.entremundos.org\/revista\/wp-content\/uploads\/2023\/03\/isable-claudina-justicia.png?fit=1200%2C789&ssl=1&resize=525%2C300 1.5x, https:\/\/i0.wp.com\/www.entremundos.org\/revista\/wp-content\/uploads\/2023\/03\/isable-claudina-justicia.png?fit=1200%2C789&ssl=1&resize=700%2C400 2x, https:\/\/i0.wp.com\/www.entremundos.org\/revista\/wp-content\/uploads\/2023\/03\/isable-claudina-justicia.png?fit=1200%2C789&ssl=1&resize=1050%2C600 3x"},"classes":[]},{"id":11860,"url":"https:\/\/www.entremundos.org\/revista\/uncategorized\/the-resistance-of-mayan-women-in-western-guatemala\/?lang=en","url_meta":{"origin":9774,"position":4},"title":"The resistance of Mayan women in Western Guatemala","author":"EntreMundos","date":"26 marzo, 2024","format":false,"excerpt":"BY LUISA RUANO TRANSLATED BY THOMAS LANG Political organization is essential for the social development of communities: a platform of resistance by the Mayan peoples in Guatemala to strengthen their territories and work together for current and future generations. Parity is one of the most important aspects to improve in\u2026","rel":"","context":"En \u00abPolitics\u00bb","block_context":{"text":"Politics","link":"https:\/\/www.entremundos.org\/revista\/category\/politics\/?lang=en"},"img":{"alt_text":"","src":"https:\/\/i0.wp.com\/www.entremundos.org\/revista\/wp-content\/uploads\/2024\/03\/diseno-sin-titulo-18.png?fit=940%2C788&ssl=1&resize=350%2C200","width":350,"height":200,"srcset":"https:\/\/i0.wp.com\/www.entremundos.org\/revista\/wp-content\/uploads\/2024\/03\/diseno-sin-titulo-18.png?fit=940%2C788&ssl=1&resize=350%2C200 1x, https:\/\/i0.wp.com\/www.entremundos.org\/revista\/wp-content\/uploads\/2024\/03\/diseno-sin-titulo-18.png?fit=940%2C788&ssl=1&resize=525%2C300 1.5x, https:\/\/i0.wp.com\/www.entremundos.org\/revista\/wp-content\/uploads\/2024\/03\/diseno-sin-titulo-18.png?fit=940%2C788&ssl=1&resize=700%2C400 2x"},"classes":[]},{"id":12038,"url":"https:\/\/www.entremundos.org\/revista\/politica\/quetzaltenango-500-anos-de-historia-desafios-y-esperanza\/","url_meta":{"origin":9774,"position":5},"title":"Quetzaltenango: 500 a\u00f1os de historia, desaf\u00edos y esperanza","author":"EntreMundos","date":"16 mayo, 2024","format":false,"excerpt":"POR SAMUEL ALVAREZ MORALES La historia de la ciudad se remonta a la \u00e9poca precolombina. Desde entonces, fue un importante centro comercial y cultural para la regi\u00f3n. Sus primeros habitantes fueron los Mam, quienes la llamar\u00edan Kulaja; los Quich\u00e9s la conquistaron y la nombraron Xelajuj No\u2019j. Finalmente, el 15 de\u2026","rel":"","context":"En \u00abFrontPage\u00bb","block_context":{"text":"FrontPage","link":"https:\/\/www.entremundos.org\/revista\/category\/frontpage\/"},"img":{"alt_text":"","src":"https:\/\/i0.wp.com\/www.entremundos.org\/revista\/wp-content\/uploads\/2024\/05\/whatsapp-image-2024-05-03-at-5.26.36-pm-scaled.jpeg?fit=632%2C1200&ssl=1&resize=350%2C200","width":350,"height":200,"srcset":"https:\/\/i0.wp.com\/www.entremundos.org\/revista\/wp-content\/uploads\/2024\/05\/whatsapp-image-2024-05-03-at-5.26.36-pm-scaled.jpeg?fit=632%2C1200&ssl=1&resize=350%2C200 1x, https:\/\/i0.wp.com\/www.entremundos.org\/revista\/wp-content\/uploads\/2024\/05\/whatsapp-image-2024-05-03-at-5.26.36-pm-scaled.jpeg?fit=632%2C1200&ssl=1&resize=525%2C300 1.5x"},"classes":[]}],"jetpack_sharing_enabled":true,"_links":{"self":[{"href":"https:\/\/www.entremundos.org\/revista\/wp-json\/wp\/v2\/posts\/9774","targetHints":{"allow":["GET"]}}],"collection":[{"href":"https:\/\/www.entremundos.org\/revista\/wp-json\/wp\/v2\/posts"}],"about":[{"href":"https:\/\/www.entremundos.org\/revista\/wp-json\/wp\/v2\/types\/post"}],"author":[{"embeddable":true,"href":"https:\/\/www.entremundos.org\/revista\/wp-json\/wp\/v2\/users\/1"}],"replies":[{"embeddable":true,"href":"https:\/\/www.entremundos.org\/revista\/wp-json\/wp\/v2\/comments?post=9774"}],"version-history":[{"count":8,"href":"https:\/\/www.entremundos.org\/revista\/wp-json\/wp\/v2\/posts\/9774\/revisions"}],"predecessor-version":[{"id":9786,"href":"https:\/\/www.entremundos.org\/revista\/wp-json\/wp\/v2\/posts\/9774\/revisions\/9786"}],"wp:featuredmedia":[{"embeddable":true,"href":"https:\/\/www.entremundos.org\/revista\/wp-json\/wp\/v2\/media\/9908"}],"wp:attachment":[{"href":"https:\/\/www.entremundos.org\/revista\/wp-json\/wp\/v2\/media?parent=9774"}],"wp:term":[{"taxonomy":"category","embeddable":true,"href":"https:\/\/www.entremundos.org\/revista\/wp-json\/wp\/v2\/categories?post=9774"},{"taxonomy":"post_tag","embeddable":true,"href":"https:\/\/www.entremundos.org\/revista\/wp-json\/wp\/v2\/tags?post=9774"}],"curies":[{"name":"wp","href":"https:\/\/api.w.org\/{rel}","templated":true}]}}