{"id":9834,"date":"2022-05-18T07:20:33","date_gmt":"2022-05-18T15:20:33","guid":{"rendered":"https:\/\/www.entremundos.org\/revista\/?p=9834"},"modified":"2022-05-18T07:35:09","modified_gmt":"2022-05-18T15:35:09","slug":"hola-mucho-gusto","status":"publish","type":"post","link":"https:\/\/www.entremundos.org\/revista\/mujer\/hola-mucho-gusto\/","title":{"rendered":"\u00a1Hola, mucho gusto!"},"content":{"rendered":"<p><span style=\"font-weight: 400;\">Soy Mar\u00eda Jos\u00e9 Longo Bautista. A partir de mayo estar\u00e9 coordinando la Revista EntreMundos, lo cual es una raz\u00f3n o quiz\u00e1 excusa para que me conozcan, por lo que considero apropiado que me presente con la comunidad lectora. Disfruto comer chocolates, leer, escribir, re\u00edr y caminar. Mientras redacto esta carta estoy nerviosa, ilusionada y feliz por ser la nueva integrante del equipo de EntreMundos. Recuerdo las veces que le\u00ed la revista, que la tuve entre mis manos sin imaginar que un d\u00eda acompa\u00f1ar\u00eda su proceso de producci\u00f3n.\u00a0<\/span><\/p>\n<p><span style=\"font-weight: 400;\">Como periodista he recorrido varias comunidades. He llorado y sentido indignaci\u00f3n al ver de cerca la pobreza, la injusticia, el racismo y la desigualdad. He suspirado y sonre\u00eddo con esperanza renovada al ser testiga de historias de resiliencia, lucha, superaci\u00f3n y resistencia. Comprendo la diversidad, la interseccionalidad, la existencia de las diferentes Guatemalas; as\u00ed como la necesidad de investigar, fiscalizar, profundizar, contar historias y datos. El camino recorrido me identifica con los prop\u00f3sitos de la revista y el enfoque editorial: derechos humanos, organizaciones de base, la protecci\u00f3n medio ambiental y las comunidades marginadas en Guatemala, entre otros temas m\u00e1s.<\/span><\/p>\n<p><a href=\"https:\/\/i0.wp.com\/www.entremundos.org\/revista\/wp-content\/uploads\/2022\/05\/whatsapp-image-2022-05-10-at-2.35.25-pm.jpeg?ssl=1\"><img data-recalc-dims=\"1\" loading=\"lazy\" decoding=\"async\" class=\"alignright size-large wp-image-9833\" src=\"https:\/\/i0.wp.com\/www.entremundos.org\/revista\/wp-content\/uploads\/2022\/05\/whatsapp-image-2022-05-10-at-2.35.25-pm.jpeg?resize=640%2C480&#038;ssl=1\" alt=\"\" width=\"640\" height=\"480\" srcset=\"https:\/\/i0.wp.com\/www.entremundos.org\/revista\/wp-content\/uploads\/2022\/05\/whatsapp-image-2022-05-10-at-2.35.25-pm.jpeg?resize=1024%2C768&amp;ssl=1 1024w, https:\/\/i0.wp.com\/www.entremundos.org\/revista\/wp-content\/uploads\/2022\/05\/whatsapp-image-2022-05-10-at-2.35.25-pm.jpeg?resize=300%2C225&amp;ssl=1 300w, https:\/\/i0.wp.com\/www.entremundos.org\/revista\/wp-content\/uploads\/2022\/05\/whatsapp-image-2022-05-10-at-2.35.25-pm.jpeg?resize=768%2C576&amp;ssl=1 768w, https:\/\/i0.wp.com\/www.entremundos.org\/revista\/wp-content\/uploads\/2022\/05\/whatsapp-image-2022-05-10-at-2.35.25-pm.jpeg?resize=72%2C54&amp;ssl=1 72w, https:\/\/i0.wp.com\/www.entremundos.org\/revista\/wp-content\/uploads\/2022\/05\/whatsapp-image-2022-05-10-at-2.35.25-pm.jpeg?resize=335%2C251&amp;ssl=1 335w, https:\/\/i0.wp.com\/www.entremundos.org\/revista\/wp-content\/uploads\/2022\/05\/whatsapp-image-2022-05-10-at-2.35.25-pm.jpeg?w=1040&amp;ssl=1 1040w\" sizes=\"auto, (max-width: 640px) 100vw, 640px\" \/><\/a><\/p>\n<p>&nbsp;<\/p>\n<p><span style=\"font-weight: 400;\">Los inicios son desafiantes y emotivos, estar frente a una nueva meta me recuerda a las anteriores: la primera vez que me sonroj\u00e9 al estar frente a la c\u00e1mara como corresponsal de Guatevisi\u00f3n, cuando abrac\u00e9 el peri\u00f3dico Prensa Libre porque me publicaron mi primera nota, o el momento en que mis ojos se humedecieron por ver mi trabajo publicado en medios digitales como: Plaza P\u00fablica, Ojoconmipisto, Agencia Ocote. Los nervios por el primer d\u00eda al trabajar en Stereo100, Emisoras Unidas Xela, y radio TGD. No podr\u00eda olvidar los d\u00edas de marzo de 2013, cuando mi historia inici\u00f3 en el peri\u00f3dico local El Quetzalteco.\u00a0\u00a0<\/span><\/p>\n<p><span style=\"font-weight: 400;\">Me gustan las aventuras, escuchar, observar y aprender. Estoy segura que en EntreMundos obtendr\u00e9\u00a0 nuevos conocimientos y desarrollar\u00e9 otras capacidades.\u00a0 Tambi\u00e9n estoy convencida que el periodismo y la comunicaci\u00f3n social son herramientas que pueden promover y provocar la transformaci\u00f3n social. Creo en el servicio a trav\u00e9s de mi profesi\u00f3n y dedicar\u00e9 amor, tiempo y esfuerzo al trabajo que EntreMundos hace desde hace 20 a\u00f1os.<\/span><\/p>\n<p><span style=\"font-weight: 400;\">Agradezco a quienes colaboran con la revista de forma voluntaria y desinteresada. Agradezco la oportunidad de ser parte de un grupo que une comunidades y ayuda a destacar sus fortalezas, que expone poblaciones vulnerables y cuenta historias de soluciones. Recientemente, cuando conoc\u00ed al equipo de EntreMundos, la mayor\u00eda mujeres, me aceptaron con solidaridad y amabilidad. Los d\u00edas laborales que he compartido con ellas han sido gratos y de crecimiento profesional y personal. Estoy contenta por esta nueva oportunidad en mi vida, soy una periodista muy afortunada.\u00a0<\/span><\/p>\n<p><span style=\"font-weight: 400;\">Es un honor ser el relevo de Diana Pastor, coordinadora del programa de comunicaci\u00f3n y editora de la revista, quien sin ego\u00edsmo y con paciencia ha compartido conmigo conocimientos, consejos y experiencias para recorrer el nuevo camino. Diana tiene cinco a\u00f1os como l\u00edder de la revista. Ella me contagi\u00f3 el compromiso y afecto por hacer textos de calidad para las y los lectores, a quienes pido disculpas por los errores que cometer\u00e9, como cualquier persona. Por ello, y con el deseo de mejorar, les\u00a0 recuerdo que pueden escribir sus sugerencias o comentarios al correo electr\u00f3nico <\/span><a href=\"mailto:revistaentremundos@gmail.com\"><span style=\"font-weight: 400;\">revistaentremundos@gmail.com<\/span><\/a><\/p>\n<p><span style=\"font-weight: 400;\">Finalizo con esta frase escrita por Albert Camus:\u00a0<\/span><\/p>\n<p><span style=\"font-weight: 400;\">\u201cEn medio del invierno descubr\u00ed que hab\u00eda, dentro de m\u00ed,\u00a0un verano invencible\u201d.<\/span><\/p>\n<p><span style=\"font-weight: 400;\">\u00a1Nos \u201cvemos\u201d en la pr\u00f3xima edici\u00f3n de la Revista EntreMundos!\u00a0<\/span><\/p>\n<p><span style=\"font-weight: 400;\">\u00a0<\/span><\/p>\n<p><span style=\"font-weight: 400;\">\u00a0<\/span><\/p>\n","protected":false},"excerpt":{"rendered":"<p>Soy Mar\u00eda Jos\u00e9 Longo Bautista. A partir de mayo estar\u00e9 coordinando la Revista EntreMundos, lo cual es una raz\u00f3n o quiz\u00e1 excusa para que me conozcan, por lo que considero apropiado que me presente con la comunidad lectora. Disfruto comer chocolates, leer, escribir, re\u00edr y caminar. Mientras redacto esta carta estoy nerviosa, ilusionada y feliz [&hellip;]<\/p>\n","protected":false},"author":1,"featured_media":9854,"comment_status":"closed","ping_status":"closed","sticky":false,"template":"","format":"standard","meta":{"_exactmetrics_skip_tracking":false,"_exactmetrics_sitenote_active":false,"_exactmetrics_sitenote_note":"","_exactmetrics_sitenote_category":0,"jetpack_post_was_ever_published":false,"_jetpack_newsletter_access":"","_jetpack_dont_email_post_to_subs":false,"_jetpack_newsletter_tier_id":0,"_jetpack_memberships_contains_paywalled_content":false,"_jetpack_memberships_contains_paid_content":false,"footnotes":""},"categories":[452,439,386],"tags":[3799,3798,1259,65,3797,107,3776],"class_list":["post-9834","post","type-post","status-publish","format-standard","has-post-thumbnail","hentry","category-frontpage","category-juventud","category-mujer","tag-comunicacion-de-entremundos","tag-coordinadora-de-la-revista","tag-entremundos","tag-guatemala","tag-maria-jose-longo-bautista","tag-quetzaltenango","tag-revista-entremundos"],"jetpack_featured_media_url":"https:\/\/i0.wp.com\/www.entremundos.org\/revista\/wp-content\/uploads\/2022\/05\/apq-majo-a-color-1-scaled.jpg?fit=2560%2C1707&ssl=1","jetpack_shortlink":"https:\/\/wp.me\/p7ljt7-2yC","jetpack-related-posts":[{"id":9843,"url":"https:\/\/www.entremundos.org\/revista\/women\/hello-nice-to-meet-you\/?lang=en","url_meta":{"origin":9834,"position":0},"title":"Hello, nice to meet you!","author":"EntreMundos","date":"18 mayo, 2022","format":false,"excerpt":"My name is Mar\u00eda Jos\u00e9 Longo Bautista. Starting in May I will be coordinating EntreMundos Magazine, which is a reason or maybe an excuse for you to get to know me, so I think it's only appropriate that I introduce myself to the readers' community. I enjoy eating chocolates, reading,\u2026","rel":"","context":"En \u00abFrontPage\u00bb","block_context":{"text":"FrontPage","link":"https:\/\/www.entremundos.org\/revista\/category\/frontpage-en\/?lang=en"},"img":{"alt_text":"","src":"https:\/\/i0.wp.com\/www.entremundos.org\/revista\/wp-content\/uploads\/2022\/05\/whatsapp-image-2022-05-10-at-2.35.25-pm-1024x768.jpeg?resize=350%2C200&ssl=1","width":350,"height":200,"srcset":"https:\/\/i0.wp.com\/www.entremundos.org\/revista\/wp-content\/uploads\/2022\/05\/whatsapp-image-2022-05-10-at-2.35.25-pm-1024x768.jpeg?resize=350%2C200&ssl=1 1x, https:\/\/i0.wp.com\/www.entremundos.org\/revista\/wp-content\/uploads\/2022\/05\/whatsapp-image-2022-05-10-at-2.35.25-pm-1024x768.jpeg?resize=525%2C300&ssl=1 1.5x, https:\/\/i0.wp.com\/www.entremundos.org\/revista\/wp-content\/uploads\/2022\/05\/whatsapp-image-2022-05-10-at-2.35.25-pm-1024x768.jpeg?resize=700%2C400&ssl=1 2x"},"classes":[]},{"id":9421,"url":"https:\/\/www.entremundos.org\/revista\/uncategorized\/in-our-20th-anniversary-meet-the-entremundos-team\/?lang=en","url_meta":{"origin":9834,"position":1},"title":"In our 20th Anniversary, meet the EntreMundos team","author":"EntreMundos","date":"14 diciembre, 2021","format":false,"excerpt":"We would like to introduce you to each of the members of the EntreMundos family, their Yessica Pastor - Director Yessica has a degree in Local Environmental Management from the Universidad San Carlos de Guatemala and studied Regional Development at FLACSO. She has worked with development and human rights organizations\u2026","rel":"","context":"En \u00ab20 ANNIVERSARY OF ENTREMUNDOS\u00bb","block_context":{"text":"20 ANNIVERSARY OF ENTREMUNDOS","link":"https:\/\/www.entremundos.org\/revista\/tag\/20-anniversary-of-entremundos\/?lang=en"},"img":{"alt_text":"","src":"https:\/\/i0.wp.com\/www.entremundos.org\/revista\/wp-content\/uploads\/2021\/12\/definitivo.png?fit=1200%2C960&ssl=1&resize=350%2C200","width":350,"height":200,"srcset":"https:\/\/i0.wp.com\/www.entremundos.org\/revista\/wp-content\/uploads\/2021\/12\/definitivo.png?fit=1200%2C960&ssl=1&resize=350%2C200 1x, https:\/\/i0.wp.com\/www.entremundos.org\/revista\/wp-content\/uploads\/2021\/12\/definitivo.png?fit=1200%2C960&ssl=1&resize=525%2C300 1.5x, https:\/\/i0.wp.com\/www.entremundos.org\/revista\/wp-content\/uploads\/2021\/12\/definitivo.png?fit=1200%2C960&ssl=1&resize=700%2C400 2x, https:\/\/i0.wp.com\/www.entremundos.org\/revista\/wp-content\/uploads\/2021\/12\/definitivo.png?fit=1200%2C960&ssl=1&resize=1050%2C600 3x"},"classes":[]},{"id":11500,"url":"https:\/\/www.entremundos.org\/revista\/frontpage\/desarrollo-y-turismo-comunitario\/","url_meta":{"origin":9834,"position":2},"title":"Desarrollo y turismo comunitario","author":"EntreMundos","date":"11 diciembre, 2023","format":false,"excerpt":"POR ADAFIS Y ASODIL\u00a0 En Guatemala se pueden disfrutar de experiencias inolvidables en cada recorrido que se haga en el pa\u00eds; pues \u00e9ste es de los pa\u00edses con mayores atractivos naturales en Centroam\u00e9rica. Como muestra, te presentamos dos proyectos exitosos de turismo comunitario; ADAFIS y ASODIL. Iniciamos el recorrido en\u2026","rel":"","context":"En \u00abFrontPage\u00bb","block_context":{"text":"FrontPage","link":"https:\/\/www.entremundos.org\/revista\/category\/frontpage\/"},"img":{"alt_text":"","src":"https:\/\/i0.wp.com\/www.entremundos.org\/revista\/wp-content\/uploads\/2023\/12\/foto-asodil-.jpg?fit=480%2C360&ssl=1&resize=350%2C200","width":350,"height":200},"classes":[]},{"id":9483,"url":"https:\/\/www.entremundos.org\/revista\/frontpage-en\/segundo-lugar-del-concurso-cartas-a-la-revista-entremundos\/?lang=en","url_meta":{"origin":9834,"position":3},"title":"Second place of the contest \u00abLetters to EntreMundos Magazine\u00bb","author":"EntreMundos","date":"25 enero, 2022","format":false,"excerpt":"Jos\u00e9 Erwin Maldonado Olintepeque, Quetzaltenango \u00a0 Dear all: Wishing you the best of days, after learning about the 20th anniversary of Entremundos Magazine, I extend my sincere congratulations for such a noble, dedicated and professional work that you do through this magazine that, in my opinion, is one of the\u2026","rel":"","context":"En \u00abFrontPage\u00bb","block_context":{"text":"FrontPage","link":"https:\/\/www.entremundos.org\/revista\/category\/frontpage-en\/?lang=en"},"img":{"alt_text":"","src":"https:\/\/i0.wp.com\/www.entremundos.org\/revista\/wp-content\/uploads\/2022\/02\/269943850_5093669063977789_6743982736442317436_n.jpg?fit=673%2C452&ssl=1&resize=350%2C200","width":350,"height":200,"srcset":"https:\/\/i0.wp.com\/www.entremundos.org\/revista\/wp-content\/uploads\/2022\/02\/269943850_5093669063977789_6743982736442317436_n.jpg?fit=673%2C452&ssl=1&resize=350%2C200 1x, https:\/\/i0.wp.com\/www.entremundos.org\/revista\/wp-content\/uploads\/2022\/02\/269943850_5093669063977789_6743982736442317436_n.jpg?fit=673%2C452&ssl=1&resize=525%2C300 1.5x"},"classes":[]},{"id":11617,"url":"https:\/\/www.entremundos.org\/revista\/mujer\/la-cultura-es-lo-que-en-la-muerte-continua-siendo-la-vida\/","url_meta":{"origin":9834,"position":4},"title":"\u201cLa Cultura es lo que, en la muerte, contin\u00faa siendo la vida\u201d","author":"EntreMundos","date":"19 enero, 2024","format":false,"excerpt":"POR PATRICIA MIRALB\u00c9S \u00bfTe has preguntado alguna vez por qu\u00e9 un grupo social se comporta de cierta manera? \u00bfDe d\u00f3nde vienen las creencias que te inculcan desde peque\u00f1o? Todo esto tiene que ver con la cultura del lugar en donde vivimos. La cultura es la base de la construcci\u00f3n de\u2026","rel":"","context":"En \u00abCultura\u00bb","block_context":{"text":"Cultura","link":"https:\/\/www.entremundos.org\/revista\/category\/cultura\/"},"img":{"alt_text":"","src":"https:\/\/i0.wp.com\/www.entremundos.org\/revista\/wp-content\/uploads\/2024\/01\/whatsapp-image-2023-12-13-at-6.59.10-pm-1.jpeg?fit=1200%2C800&ssl=1&resize=350%2C200","width":350,"height":200,"srcset":"https:\/\/i0.wp.com\/www.entremundos.org\/revista\/wp-content\/uploads\/2024\/01\/whatsapp-image-2023-12-13-at-6.59.10-pm-1.jpeg?fit=1200%2C800&ssl=1&resize=350%2C200 1x, https:\/\/i0.wp.com\/www.entremundos.org\/revista\/wp-content\/uploads\/2024\/01\/whatsapp-image-2023-12-13-at-6.59.10-pm-1.jpeg?fit=1200%2C800&ssl=1&resize=525%2C300 1.5x, https:\/\/i0.wp.com\/www.entremundos.org\/revista\/wp-content\/uploads\/2024\/01\/whatsapp-image-2023-12-13-at-6.59.10-pm-1.jpeg?fit=1200%2C800&ssl=1&resize=700%2C400 2x, https:\/\/i0.wp.com\/www.entremundos.org\/revista\/wp-content\/uploads\/2024\/01\/whatsapp-image-2023-12-13-at-6.59.10-pm-1.jpeg?fit=1200%2C800&ssl=1&resize=1050%2C600 3x"},"classes":[]},{"id":208,"url":"https:\/\/www.entremundos.org\/revista\/uncategorized-es\/women-in-ngos\/","url_meta":{"origin":9834,"position":5},"title":"Women in NGO&#8217;s","author":"EntreMundos","date":"6 marzo, 2014","format":false,"excerpt":"Emily Ellis TRAMA Textiles: Amparo de Le\u00f3n de Rubio and Oralia Chop\u00e9n The word trama, or thread, can also mean \u201cfood\u201d in Spanish. For the 400 indigenous weavers supported by TRAMA Textiles, the thread is just as essential to their livelihood as food. Following the devastation of the Civil War,\u2026","rel":"","context":"En \u00abUncategorized\u00bb","block_context":{"text":"Uncategorized","link":"https:\/\/www.entremundos.org\/revista\/category\/uncategorized-es\/"},"img":{"alt_text":"","src":"https:\/\/i0.wp.com\/www.entremundos.org\/revista\/wp-content\/uploads\/2014\/03\/mujeres-3.jpg?fit=667%2C1000&ssl=1&resize=350%2C200","width":350,"height":200,"srcset":"https:\/\/i0.wp.com\/www.entremundos.org\/revista\/wp-content\/uploads\/2014\/03\/mujeres-3.jpg?fit=667%2C1000&ssl=1&resize=350%2C200 1x, https:\/\/i0.wp.com\/www.entremundos.org\/revista\/wp-content\/uploads\/2014\/03\/mujeres-3.jpg?fit=667%2C1000&ssl=1&resize=525%2C300 1.5x"},"classes":[]}],"jetpack_sharing_enabled":true,"_links":{"self":[{"href":"https:\/\/www.entremundos.org\/revista\/wp-json\/wp\/v2\/posts\/9834","targetHints":{"allow":["GET"]}}],"collection":[{"href":"https:\/\/www.entremundos.org\/revista\/wp-json\/wp\/v2\/posts"}],"about":[{"href":"https:\/\/www.entremundos.org\/revista\/wp-json\/wp\/v2\/types\/post"}],"author":[{"embeddable":true,"href":"https:\/\/www.entremundos.org\/revista\/wp-json\/wp\/v2\/users\/1"}],"replies":[{"embeddable":true,"href":"https:\/\/www.entremundos.org\/revista\/wp-json\/wp\/v2\/comments?post=9834"}],"version-history":[{"count":1,"href":"https:\/\/www.entremundos.org\/revista\/wp-json\/wp\/v2\/posts\/9834\/revisions"}],"predecessor-version":[{"id":9835,"href":"https:\/\/www.entremundos.org\/revista\/wp-json\/wp\/v2\/posts\/9834\/revisions\/9835"}],"wp:featuredmedia":[{"embeddable":true,"href":"https:\/\/www.entremundos.org\/revista\/wp-json\/wp\/v2\/media\/9854"}],"wp:attachment":[{"href":"https:\/\/www.entremundos.org\/revista\/wp-json\/wp\/v2\/media?parent=9834"}],"wp:term":[{"taxonomy":"category","embeddable":true,"href":"https:\/\/www.entremundos.org\/revista\/wp-json\/wp\/v2\/categories?post=9834"},{"taxonomy":"post_tag","embeddable":true,"href":"https:\/\/www.entremundos.org\/revista\/wp-json\/wp\/v2\/tags?post=9834"}],"curies":[{"name":"wp","href":"https:\/\/api.w.org\/{rel}","templated":true}]}}