{"id":9957,"date":"2022-06-29T13:14:38","date_gmt":"2022-06-29T21:14:38","guid":{"rendered":"https:\/\/www.entremundos.org\/revista\/?p=9957"},"modified":"2024-09-09T20:18:31","modified_gmt":"2024-09-10T04:18:31","slug":"podcast-radio-entremundos-octava-edicion","status":"publish","type":"post","link":"https:\/\/www.entremundos.org\/revista\/multimedia\/podcast-radio-entremundos-octava-edicion\/","title":{"rendered":"Podcast: Radio EntreMundos Octava Edici\u00f3n"},"content":{"rendered":"<audio class=\"wp-audio-shortcode\" id=\"audio-9957-1\" preload=\"none\" style=\"width: 100%;\" controls=\"controls\"><source type=\"audio\/mpeg\" src=\"https:\/\/ia600802.us.archive.org\/24\/items\/radio-entremundos-octava-edicion\/radio-entremundos-octava-edicio%CC%81n-001.mp3?_=1\" \/><a href=\"https:\/\/ia600802.us.archive.org\/24\/items\/radio-entremundos-octava-edicion\/radio-entremundos-octava-edicio%CC%81n-001.mp3\">https:\/\/ia600802.us.archive.org\/24\/items\/radio-entremundos-octava-edicion\/radio-entremundos-octava-edicio%CC%81n-001.mp3<\/a><\/audio>\n<p>&nbsp;<\/p>\n<p>Desde Quetzaltenango Guatemala, bienvenidos a todos y todas a Radio EntreMundos. En esta edici\u00f3n nos acompa\u00f1a la poeta Vania Vargas quien leer\u00e1 un texto de su libro m\u00e1s reciente, adem\u00e1s te compartimos una historia sobre el tiempo que viv\u00ed en Guatemala, y antes de terminar de escuchar el podcast espero que tengas energ\u00eda para dar un paseo en bici, porque te contaremos c\u00f3mo usar el servicio gratuito de bicicletas en el centro hist\u00f3rico de Quetzaltenango. \u00a1Que disfruten de nuestro programa!<\/p>\n<p><em>M\u00fasica:<\/em><\/p>\n<p><em>1. Julien Stiller 2. Maybe, por DoKashiteru (c) copyright 2009 con licencia Creative Commons, Attribution Noncommercial (3.0) license. Ft: AlexBeroza<\/em><\/p>\n","protected":false},"excerpt":{"rendered":"<p>&nbsp; Desde Quetzaltenango Guatemala, bienvenidos a todos y todas a Radio EntreMundos. En esta edici\u00f3n nos acompa\u00f1a la poeta Vania Vargas quien leer\u00e1 un texto de su libro m\u00e1s reciente, adem\u00e1s te compartimos una historia sobre el tiempo que viv\u00ed en Guatemala, y antes de terminar de escuchar el podcast espero que tengas energ\u00eda para [&hellip;]<\/p>\n","protected":false},"author":24,"featured_media":9959,"comment_status":"closed","ping_status":"closed","sticky":false,"template":"","format":"audio","meta":{"_exactmetrics_skip_tracking":false,"_exactmetrics_sitenote_active":false,"_exactmetrics_sitenote_note":"","_exactmetrics_sitenote_category":0,"jetpack_post_was_ever_published":false,"_jetpack_newsletter_access":"","_jetpack_dont_email_post_to_subs":false,"_jetpack_newsletter_tier_id":0,"_jetpack_memberships_contains_paywalled_content":false,"_jetpack_memberships_contains_paid_content":false,"footnotes":""},"categories":[392],"tags":[657,2969],"class_list":["post-9957","post","type-post","status-publish","format-audio","has-post-thumbnail","hentry","category-multimedia","tag-radio-comunitaria","tag-radio-entremundos","post_format-post-format-audio"],"jetpack_featured_media_url":"https:\/\/i0.wp.com\/www.entremundos.org\/revista\/wp-content\/uploads\/2022\/06\/podcast-entre-mundos-1-resized.jpg?fit=1200%2C800&ssl=1","jetpack_shortlink":"https:\/\/wp.me\/p7ljt7-2AB","jetpack-related-posts":[{"id":9435,"url":"https:\/\/www.entremundos.org\/revista\/frontpage-en\/whats-in-the-5th-edition-of-radio-entremundos-celebrating-20-years-of-community-service\/?lang=en","url_meta":{"origin":9957,"position":0},"title":"What\u2019s in the 5th Edition of Radio EntreMundos | Celebrating 20 Years of Community Service:","author":"EntreMundos","date":"25 diciembre, 2021","format":false,"excerpt":"On the occasion of our 20th Anniversary, EntreMundos will be presenting its team, who contribute\u00a0 their time, talent and heart to advance human rights and development in Guatemala.\u00a0 In this 5th edition of Radio EntreMundos you\u2019ll hear reflections from both our current staff members and volunteers.\u00a0 Also, in observance of\u2026","rel":"","context":"En \u00abFrontPage\u00bb","block_context":{"text":"FrontPage","link":"https:\/\/www.entremundos.org\/revista\/category\/frontpage-en\/?lang=en"},"img":{"alt_text":"","src":"https:\/\/i0.wp.com\/www.entremundos.org\/revista\/wp-content\/uploads\/2021\/11\/em-20-anyos-min-scaled.jpeg?fit=1200%2C900&ssl=1&resize=350%2C200","width":350,"height":200,"srcset":"https:\/\/i0.wp.com\/www.entremundos.org\/revista\/wp-content\/uploads\/2021\/11\/em-20-anyos-min-scaled.jpeg?fit=1200%2C900&ssl=1&resize=350%2C200 1x, https:\/\/i0.wp.com\/www.entremundos.org\/revista\/wp-content\/uploads\/2021\/11\/em-20-anyos-min-scaled.jpeg?fit=1200%2C900&ssl=1&resize=525%2C300 1.5x, https:\/\/i0.wp.com\/www.entremundos.org\/revista\/wp-content\/uploads\/2021\/11\/em-20-anyos-min-scaled.jpeg?fit=1200%2C900&ssl=1&resize=700%2C400 2x, https:\/\/i0.wp.com\/www.entremundos.org\/revista\/wp-content\/uploads\/2021\/11\/em-20-anyos-min-scaled.jpeg?fit=1200%2C900&ssl=1&resize=1050%2C600 3x"},"classes":[]},{"id":9421,"url":"https:\/\/www.entremundos.org\/revista\/uncategorized\/in-our-20th-anniversary-meet-the-entremundos-team\/?lang=en","url_meta":{"origin":9957,"position":1},"title":"In our 20th Anniversary, meet the EntreMundos team","author":"EntreMundos","date":"14 diciembre, 2021","format":false,"excerpt":"We would like to introduce you to each of the members of the EntreMundos family, their Yessica Pastor - Director Yessica has a degree in Local Environmental Management from the Universidad San Carlos de Guatemala and studied Regional Development at FLACSO. She has worked with development and human rights organizations\u2026","rel":"","context":"En \u00ab20 ANNIVERSARY OF ENTREMUNDOS\u00bb","block_context":{"text":"20 ANNIVERSARY OF ENTREMUNDOS","link":"https:\/\/www.entremundos.org\/revista\/tag\/20-anniversary-of-entremundos\/?lang=en"},"img":{"alt_text":"","src":"https:\/\/i0.wp.com\/www.entremundos.org\/revista\/wp-content\/uploads\/2021\/12\/definitivo.png?fit=1200%2C960&ssl=1&resize=350%2C200","width":350,"height":200,"srcset":"https:\/\/i0.wp.com\/www.entremundos.org\/revista\/wp-content\/uploads\/2021\/12\/definitivo.png?fit=1200%2C960&ssl=1&resize=350%2C200 1x, https:\/\/i0.wp.com\/www.entremundos.org\/revista\/wp-content\/uploads\/2021\/12\/definitivo.png?fit=1200%2C960&ssl=1&resize=525%2C300 1.5x, https:\/\/i0.wp.com\/www.entremundos.org\/revista\/wp-content\/uploads\/2021\/12\/definitivo.png?fit=1200%2C960&ssl=1&resize=700%2C400 2x, https:\/\/i0.wp.com\/www.entremundos.org\/revista\/wp-content\/uploads\/2021\/12\/definitivo.png?fit=1200%2C960&ssl=1&resize=1050%2C600 3x"},"classes":[]},{"id":8560,"url":"https:\/\/www.entremundos.org\/revista\/frontpage-en\/entremundos-is-now-in-audio-on-the-year-of-our-20th-anniversary-we-launch-our-podcast-project\/?lang=en","url_meta":{"origin":9957,"position":2},"title":"EntreMundos is now in audio!  On the year of our 20th anniversary, we launch our podcast project","author":"Majo Recinos","date":"1 abril, 2021","format":false,"excerpt":"Working for the past 20 years on this magazine, we\u2019ve realized that time generates inevitable changes.\u00a0 On occasion, these changes have allowed us to re-invent ourselves and improve our work, but they have also brought us difficulties to continue as an independent media source in a world that generally consumes\u2026","rel":"","context":"En \u00abFrontPage\u00bb","block_context":{"text":"FrontPage","link":"https:\/\/www.entremundos.org\/revista\/category\/frontpage-en\/?lang=en"},"img":{"alt_text":"","src":"https:\/\/i0.wp.com\/www.entremundos.org\/revista\/wp-content\/uploads\/2021\/04\/pag.-20.jpg?fit=597%2C334&ssl=1&resize=350%2C200","width":350,"height":200,"srcset":"https:\/\/i0.wp.com\/www.entremundos.org\/revista\/wp-content\/uploads\/2021\/04\/pag.-20.jpg?fit=597%2C334&ssl=1&resize=350%2C200 1x, https:\/\/i0.wp.com\/www.entremundos.org\/revista\/wp-content\/uploads\/2021\/04\/pag.-20.jpg?fit=597%2C334&ssl=1&resize=525%2C300 1.5x"},"classes":[]},{"id":9843,"url":"https:\/\/www.entremundos.org\/revista\/women\/hello-nice-to-meet-you\/?lang=en","url_meta":{"origin":9957,"position":3},"title":"Hello, nice to meet you!","author":"EntreMundos","date":"18 mayo, 2022","format":false,"excerpt":"My name is Mar\u00eda Jos\u00e9 Longo Bautista. Starting in May I will be coordinating EntreMundos Magazine, which is a reason or maybe an excuse for you to get to know me, so I think it's only appropriate that I introduce myself to the readers' community. I enjoy eating chocolates, reading,\u2026","rel":"","context":"En \u00abFrontPage\u00bb","block_context":{"text":"FrontPage","link":"https:\/\/www.entremundos.org\/revista\/category\/frontpage-en\/?lang=en"},"img":{"alt_text":"","src":"https:\/\/i0.wp.com\/www.entremundos.org\/revista\/wp-content\/uploads\/2022\/05\/whatsapp-image-2022-05-10-at-2.35.25-pm-1024x768.jpeg?resize=350%2C200&ssl=1","width":350,"height":200,"srcset":"https:\/\/i0.wp.com\/www.entremundos.org\/revista\/wp-content\/uploads\/2022\/05\/whatsapp-image-2022-05-10-at-2.35.25-pm-1024x768.jpeg?resize=350%2C200&ssl=1 1x, https:\/\/i0.wp.com\/www.entremundos.org\/revista\/wp-content\/uploads\/2022\/05\/whatsapp-image-2022-05-10-at-2.35.25-pm-1024x768.jpeg?resize=525%2C300&ssl=1 1.5x, https:\/\/i0.wp.com\/www.entremundos.org\/revista\/wp-content\/uploads\/2022\/05\/whatsapp-image-2022-05-10-at-2.35.25-pm-1024x768.jpeg?resize=700%2C400&ssl=1 2x"},"classes":[]},{"id":1798,"url":"https:\/\/www.entremundos.org\/revista\/environment\/the-effects-of-plastic-waste-in-rivers-lakes-and-seas-of-guatemala\/?lang=en","url_meta":{"origin":9957,"position":4},"title":"The effects of plastic waste in rivers, lakes and seas of Guatemala","author":"EntreMundos","date":"10 noviembre, 2015","format":false,"excerpt":"By Raquel D\u00edaz - Communications student at the university Mesoamericana\u00a0 The Salam\u00e1 River is the most important in the department of Quetzaltenango. From its origin in Totonicap\u00e1n, it traverses the municipalities of Cantel, El Palmar, San Juan Ostuncalco, Quetzaltenango, Zunil, and San Carlos Sija, to finally penetrate the department of\u2026","rel":"","context":"En \u00abEnvironment\u00bb","block_context":{"text":"Environment","link":"https:\/\/www.entremundos.org\/revista\/category\/environment\/?lang=en"},"img":{"alt_text":"","src":"https:\/\/i0.wp.com\/www.entremundos.org\/revista\/wp-content\/uploads\/2015\/07\/tortugas-marinas-bolsas-plastico-oceano_1308-35107.jpg?fit=616%2C469&ssl=1&resize=350%2C200","width":350,"height":200,"srcset":"https:\/\/i0.wp.com\/www.entremundos.org\/revista\/wp-content\/uploads\/2015\/07\/tortugas-marinas-bolsas-plastico-oceano_1308-35107.jpg?fit=616%2C469&ssl=1&resize=350%2C200 1x, https:\/\/i0.wp.com\/www.entremundos.org\/revista\/wp-content\/uploads\/2015\/07\/tortugas-marinas-bolsas-plastico-oceano_1308-35107.jpg?fit=616%2C469&ssl=1&resize=525%2C300 1.5x"},"classes":[]},{"id":10400,"url":"https:\/\/www.entremundos.org\/revista\/culture\/loma-linda-nature-trails-a-path-to-adventure\/?lang=en","url_meta":{"origin":9957,"position":5},"title":"Loma Linda Nature Trails, a path to adventure","author":"EntreMundos","date":"18 enero, 2023","format":false,"excerpt":"ENTREMUNDOS Experience the adrenaline of canopy and rappel, enjoy the sound and scenery of waterfalls, rejoice in bird watching or the pleasure of a walk in a wooded area, is the paradise offered by Senderos Naturales Loma Linda, an initiative promoted by the Asociaci\u00f3n Sostenible para el Desarrollo Integral y\u2026","rel":"","context":"En \u00abAlternative Economy\u00bb","block_context":{"text":"Alternative Economy","link":"https:\/\/www.entremundos.org\/revista\/category\/economy\/alternative-economy\/?lang=en"},"img":{"alt_text":"","src":"https:\/\/i0.wp.com\/www.entremundos.org\/revista\/wp-content\/uploads\/2023\/01\/269932243_5349779515038127_3809490670440910402_n.jpg?fit=1200%2C802&ssl=1&resize=350%2C200","width":350,"height":200,"srcset":"https:\/\/i0.wp.com\/www.entremundos.org\/revista\/wp-content\/uploads\/2023\/01\/269932243_5349779515038127_3809490670440910402_n.jpg?fit=1200%2C802&ssl=1&resize=350%2C200 1x, https:\/\/i0.wp.com\/www.entremundos.org\/revista\/wp-content\/uploads\/2023\/01\/269932243_5349779515038127_3809490670440910402_n.jpg?fit=1200%2C802&ssl=1&resize=525%2C300 1.5x, https:\/\/i0.wp.com\/www.entremundos.org\/revista\/wp-content\/uploads\/2023\/01\/269932243_5349779515038127_3809490670440910402_n.jpg?fit=1200%2C802&ssl=1&resize=700%2C400 2x, https:\/\/i0.wp.com\/www.entremundos.org\/revista\/wp-content\/uploads\/2023\/01\/269932243_5349779515038127_3809490670440910402_n.jpg?fit=1200%2C802&ssl=1&resize=1050%2C600 3x"},"classes":[]}],"jetpack_sharing_enabled":true,"_links":{"self":[{"href":"https:\/\/www.entremundos.org\/revista\/wp-json\/wp\/v2\/posts\/9957","targetHints":{"allow":["GET"]}}],"collection":[{"href":"https:\/\/www.entremundos.org\/revista\/wp-json\/wp\/v2\/posts"}],"about":[{"href":"https:\/\/www.entremundos.org\/revista\/wp-json\/wp\/v2\/types\/post"}],"author":[{"embeddable":true,"href":"https:\/\/www.entremundos.org\/revista\/wp-json\/wp\/v2\/users\/24"}],"replies":[{"embeddable":true,"href":"https:\/\/www.entremundos.org\/revista\/wp-json\/wp\/v2\/comments?post=9957"}],"version-history":[{"count":6,"href":"https:\/\/www.entremundos.org\/revista\/wp-json\/wp\/v2\/posts\/9957\/revisions"}],"predecessor-version":[{"id":12275,"href":"https:\/\/www.entremundos.org\/revista\/wp-json\/wp\/v2\/posts\/9957\/revisions\/12275"}],"wp:featuredmedia":[{"embeddable":true,"href":"https:\/\/www.entremundos.org\/revista\/wp-json\/wp\/v2\/media\/9959"}],"wp:attachment":[{"href":"https:\/\/www.entremundos.org\/revista\/wp-json\/wp\/v2\/media?parent=9957"}],"wp:term":[{"taxonomy":"category","embeddable":true,"href":"https:\/\/www.entremundos.org\/revista\/wp-json\/wp\/v2\/categories?post=9957"},{"taxonomy":"post_tag","embeddable":true,"href":"https:\/\/www.entremundos.org\/revista\/wp-json\/wp\/v2\/tags?post=9957"}],"curies":[{"name":"wp","href":"https:\/\/api.w.org\/{rel}","templated":true}]}}